{"id":1140,"date":"2020-10-09T16:46:00","date_gmt":"2020-10-09T16:46:00","guid":{"rendered":"http:\/\/blog.cuentoslossilos.es\/?p=1140"},"modified":"2021-04-13T08:32:54","modified_gmt":"2021-04-13T08:32:54","slug":"el-festival-internacional-del-cuento-de-los-silos-abre-las-visitas-escolares-a-todo-el-mundo-hispanohablante","status":"publish","type":"post","link":"http:\/\/blog.cuentoslossilos.es\/?p=1140","title":{"rendered":"El Festival Internacional del Cuento de Los Silos abre las visitas escolares a todo el mundo hispanohablante"},"content":{"rendered":"\n<p>Los Silos celebrar\u00e1 la XXV edici\u00f3n del Festival Internacional del Cuento abriendo sus visitas escolares a todo el mundo hispanohablante. La crisis sanitaria provocada por la pandemia del coronavirus, aunque est\u00e1 condicionando la celebraci\u00f3n del Festival, posibilitar\u00e1 que alumnos de toda Espa\u00f1a y Am\u00e9rica puedan conocer el trabajo que desde 1996 se viene realizando en el municipio en torno al mundo de la literatura.<\/p>\n\n\n\n<p>La preinscripci\u00f3n se abrir\u00e1 a los centros en la web&nbsp;<a href=\"http:\/\/cuentoslossilos.es\/\">cuentoslossilos.es<\/a>&nbsp;el pr\u00f3ximo martes 13 de octubre para que, por primera vez en su historia, alumnos de diferentes puntos del planeta conozcan el Festival Internacional del Cuento de Los Silos desde el \u00e1mbito educativo.<\/p>\n\n\n\n<!--more-->\n\n\n\n<p>En 2017 se logr\u00f3 abrir las visitas escolares a alumnos procedentes de fuera de Tenerife, en concreto, de La Gomera. Ahora, la celebraci\u00f3n de los 25 a\u00f1os del Festival llegar\u00e1 a escolares de todas las islas, de otras comunidades aut\u00f3nomas y de diferentes pa\u00edses de Am\u00e9rica. En este sentido, la organizaci\u00f3n ya ha tomado contacto con centros de Cuenca, Barcelona, Argentina, Uruguay y Ecuador, entre otros.<\/p>\n\n\n\n<p>Las visitas escolares se desarrollar\u00e1n del 18 de noviembre al 3 de diciembre para alumnos de 4\u00ba, 5\u00ba y 6\u00ba de Primario, adem\u00e1s de 1\u00ba de la ESO. Tendr\u00e1n una estructura similar a las de 2019, si bien se realizar\u00e1n de forma totalmente virtual. En primer lugar, se editar\u00e1 una publicaci\u00f3n con textos in\u00e9ditos de tres escritores canarios \u2014Cecilia Dom\u00ednguez, Bel\u00e9n Hormiga y Ernesto Rodr\u00edguez Abad\u2014 y del costarricense Juan Madrigal, adem\u00e1s de las ilustraciones de Fabio Gonz\u00e1lez. Los alumnos trabajar\u00e1n los cuentos en clase con el asesoramiento de mediadores de lectura para, posteriormente, enviarles sus preguntas. Estas ser\u00e1n respondidas en directo desde Los Silos mediante entrevistas.<\/p>\n\n\n\n<figure class=\"wp-block-image size-large is-resized\"><img loading=\"lazy\" src=\"http:\/\/blog.cuentoslossilos.es\/wp-content\/uploads\/2019\/11\/visitas-escolares-cecilia-dominguez-1024x623.jpg\" alt=\"\" class=\"wp-image-874\" width=\"598\" height=\"364\" srcset=\"http:\/\/blog.cuentoslossilos.es\/wp-content\/uploads\/2019\/11\/visitas-escolares-cecilia-dominguez-1024x623.jpg 1024w, http:\/\/blog.cuentoslossilos.es\/wp-content\/uploads\/2019\/11\/visitas-escolares-cecilia-dominguez-300x183.jpg 300w, http:\/\/blog.cuentoslossilos.es\/wp-content\/uploads\/2019\/11\/visitas-escolares-cecilia-dominguez-768x467.jpg 768w, http:\/\/blog.cuentoslossilos.es\/wp-content\/uploads\/2019\/11\/visitas-escolares-cecilia-dominguez-1200x730.jpg 1200w, http:\/\/blog.cuentoslossilos.es\/wp-content\/uploads\/2019\/11\/visitas-escolares-cecilia-dominguez.jpg 1440w\" sizes=\"(max-width: 598px) 100vw, 598px\" \/><\/figure>\n\n\n\n<p>Las visitas incluyen un paseo en v\u00eddeo por el municipio con el objetivo de que los escolares descubran el pueblo que cada a\u00f1o abre sus puertas para disfrutar del mundo de los cuentos. Tambi\u00e9n habr\u00e1 una visita virtual por los Callejones Literarios, una apuesta por dejar la huella de los cuentos en Los Silos de forma f\u00edsica durante todo el a\u00f1o. El programa se completa con la esencia de las visitas escolares: un espect\u00e1culo de narraci\u00f3n oral.<\/p>\n\n\n\n<p>El director del Festival, Ernesto Rodr\u00edguez Abad, destaca que, \u201cpese a todas las consecuencias negativas que est\u00e1 teniendo la pandemia, el coronavirus ha supuesto una oportunidad para abrir las visitas escolares hasta l\u00edmites insospechados, con la participaci\u00f3n de alumnos de diversos puntos del planeta\u201d. Destaca, adem\u00e1s, que las visitas escolares no quedar\u00e1n en un trabajo durante unos d\u00edas concretos, sino que continuar\u00e1n con \u201cuna actividad did\u00e1ctica que posibilitar\u00e1 el intercambio de experiencias entre escolares de Espa\u00f1a y de Am\u00e9rica\u201d.<\/p>\n","protected":false},"excerpt":{"rendered":"<p>Escolares de toda Espa\u00f1a y Am\u00e9rica participar\u00e1n de forma virtual en una XXV edici\u00f3n marcada por la crisis sanitaria<\/p>\n","protected":false},"author":2,"featured_media":1136,"comment_status":"closed","ping_status":"open","sticky":false,"template":"","format":"standard","meta":[],"categories":[220,3],"tags":[281,91,282],"_links":{"self":[{"href":"http:\/\/blog.cuentoslossilos.es\/index.php?rest_route=\/wp\/v2\/posts\/1140"}],"collection":[{"href":"http:\/\/blog.cuentoslossilos.es\/index.php?rest_route=\/wp\/v2\/posts"}],"about":[{"href":"http:\/\/blog.cuentoslossilos.es\/index.php?rest_route=\/wp\/v2\/types\/post"}],"author":[{"embeddable":true,"href":"http:\/\/blog.cuentoslossilos.es\/index.php?rest_route=\/wp\/v2\/users\/2"}],"replies":[{"embeddable":true,"href":"http:\/\/blog.cuentoslossilos.es\/index.php?rest_route=%2Fwp%2Fv2%2Fcomments&post=1140"}],"version-history":[{"count":1,"href":"http:\/\/blog.cuentoslossilos.es\/index.php?rest_route=\/wp\/v2\/posts\/1140\/revisions"}],"predecessor-version":[{"id":1141,"href":"http:\/\/blog.cuentoslossilos.es\/index.php?rest_route=\/wp\/v2\/posts\/1140\/revisions\/1141"}],"wp:featuredmedia":[{"embeddable":true,"href":"http:\/\/blog.cuentoslossilos.es\/index.php?rest_route=\/wp\/v2\/media\/1136"}],"wp:attachment":[{"href":"http:\/\/blog.cuentoslossilos.es\/index.php?rest_route=%2Fwp%2Fv2%2Fmedia&parent=1140"}],"wp:term":[{"taxonomy":"category","embeddable":true,"href":"http:\/\/blog.cuentoslossilos.es\/index.php?rest_route=%2Fwp%2Fv2%2Fcategories&post=1140"},{"taxonomy":"post_tag","embeddable":true,"href":"http:\/\/blog.cuentoslossilos.es\/index.php?rest_route=%2Fwp%2Fv2%2Ftags&post=1140"}],"curies":[{"name":"wp","href":"https:\/\/api.w.org\/{rel}","templated":true}]}}