{"id":1143,"date":"2020-10-17T16:12:12","date_gmt":"2020-10-17T16:12:12","guid":{"rendered":"http:\/\/blog.cuentoslossilos.es\/?p=1143"},"modified":"2021-04-13T08:32:49","modified_gmt":"2021-04-13T08:32:49","slug":"el-festival-convoca-el-v-concurso-de-microcuentos-para-difundir-la-literatura-a-traves-de-las-redes","status":"publish","type":"post","link":"http:\/\/blog.cuentoslossilos.es\/?p=1143","title":{"rendered":"El Festival convoca el V Concurso de microcuentos para difundir la literatura a trav\u00e9s de las redes"},"content":{"rendered":"\n<p>El V Concurso de microcuentos del Festival Internacional del Cuento de Los Silos regresa en oto\u00f1o de 2020 como una cita m\u00e1s que consolidada para transmitir la palabra a cualquier parte del mundo a trav\u00e9s de las redes sociales. Este a\u00f1o, la cita coincide con los 25 a\u00f1os del Festival.<\/p>\n\n\n\n<p>Organizado por el Festival del Cuento, coordinado por Isa Robayna y con la colaboraci\u00f3n de Diego Pun Ediciones, el certamen ha abierto ya su plazo para participar, finalizando el pr\u00f3ximo 15 de noviembre. Para concursar, basta con publicar en Twitter un microcuento de autor\u00eda propia que no exceda la limitaci\u00f3n de los 280 caracteres de esta red social. Se podr\u00e1n publicar cuantas historias se desee, pero deber\u00e1n ir siempre acompa\u00f1adas de la etiqueta&nbsp;<em>#MicrocuentoLS<\/em>&nbsp;para facilitar su localizaci\u00f3n. No podr\u00e1n participar menores de edad.<\/p>\n\n\n\n<!--more-->\n\n\n\n<p>El concurso tendr\u00e1 un ganador y cinco finalistas. Cada uno de ellos obtendr\u00e1 como premio una selecci\u00f3n de libros de la editorial canaria Diego Pun Ediciones y un diploma otorgado por el Festival Internacional del Cuento de Los Silos.<\/p>\n\n\n\n<p>Los premios se entregar\u00e1n en la inauguraci\u00f3n del mismo, el 4 de diciembre, y el jurado estar\u00e1 compuesto por personas vinculadas al propio Festival y a la Universidad de La Laguna.<\/p>\n\n\n\n<p>\u201cCada a\u00f1o buscamos una nueva forma de sorprender, de hacer llegar la palabra un poquito m\u00e1s lejos. Buscamos cualquier excusa para que la cultura vuele lejos, para hacerte sonre\u00edr y disfrutar de las historias que envuelven nuestros d\u00edas\u201d, se\u00f1alan desde la organizaci\u00f3n del Festival.<\/p>\n\n\n\n<p>Las bases completas del V Concurso de microcuentos pueden consultarse&nbsp;<a href=\"https:\/\/cuentoslossilos.es\/microcuentos\/\">aqu\u00ed<\/a>.<\/p>\n\n\n\n<p><strong>Nuevo \u00e9xito en 2019<\/strong><\/p>\n\n\n\n<p>La IV edici\u00f3n cosech\u00f3 un nuevo \u00e9xito de participaci\u00f3n en Twitter. El ganador fue el orotavense Javier Arroyo&nbsp;(<em><a href=\"https:\/\/twitter.com\/JalMetra\">@JalMetra<\/a><\/em>), que obtuvo la confianza del jurado con&nbsp;<em>Krahen<\/em>:&nbsp;\u201cAl abrir el libro llovieron r\u00edos de tinta. Lo cerr\u00f3 para que no gotease, pero las letras reci\u00e9n impresas rebosaban por los cantos. Fue caer una y seguir el resto en cascada hasta formar un torrente y desembocar en el oc\u00e9ano, donde emergi\u00f3 un calamar gigante\u201d.<\/p>\n\n\n\n<p>En la pasada edici\u00f3n, todos los premiados fueron espa\u00f1oles: una madrile\u00f1a y cinco canarios. Adem\u00e1s, algunos de ellos son asiduos al Festival. En 2018, los agraciados procedieron de Portugal, Marruecos, M\u00e9xico y de la Espa\u00f1a peninsular.<\/p>\n\n\n\n<figure class=\"wp-block-image size-large\"><img loading=\"lazy\" width=\"589\" height=\"298\" src=\"http:\/\/blog.cuentoslossilos.es\/wp-content\/uploads\/2019\/11\/ganador-microcuento-2019.png\" alt=\"\" class=\"wp-image-960\" srcset=\"http:\/\/blog.cuentoslossilos.es\/wp-content\/uploads\/2019\/11\/ganador-microcuento-2019.png 589w, http:\/\/blog.cuentoslossilos.es\/wp-content\/uploads\/2019\/11\/ganador-microcuento-2019-300x152.png 300w\" sizes=\"(max-width: 589px) 100vw, 589px\" \/><\/figure>\n","protected":false},"excerpt":{"rendered":"<p>Para participar basta con publicar una historia en Twitter con la etiqueta #MicrocuentoLS antes del 15 de noviembre<\/p>\n","protected":false},"author":2,"featured_media":1144,"comment_status":"closed","ping_status":"open","sticky":false,"template":"","format":"standard","meta":[],"categories":[220],"tags":[34,283,282],"_links":{"self":[{"href":"http:\/\/blog.cuentoslossilos.es\/index.php?rest_route=\/wp\/v2\/posts\/1143"}],"collection":[{"href":"http:\/\/blog.cuentoslossilos.es\/index.php?rest_route=\/wp\/v2\/posts"}],"about":[{"href":"http:\/\/blog.cuentoslossilos.es\/index.php?rest_route=\/wp\/v2\/types\/post"}],"author":[{"embeddable":true,"href":"http:\/\/blog.cuentoslossilos.es\/index.php?rest_route=\/wp\/v2\/users\/2"}],"replies":[{"embeddable":true,"href":"http:\/\/blog.cuentoslossilos.es\/index.php?rest_route=%2Fwp%2Fv2%2Fcomments&post=1143"}],"version-history":[{"count":1,"href":"http:\/\/blog.cuentoslossilos.es\/index.php?rest_route=\/wp\/v2\/posts\/1143\/revisions"}],"predecessor-version":[{"id":1145,"href":"http:\/\/blog.cuentoslossilos.es\/index.php?rest_route=\/wp\/v2\/posts\/1143\/revisions\/1145"}],"wp:featuredmedia":[{"embeddable":true,"href":"http:\/\/blog.cuentoslossilos.es\/index.php?rest_route=\/wp\/v2\/media\/1144"}],"wp:attachment":[{"href":"http:\/\/blog.cuentoslossilos.es\/index.php?rest_route=%2Fwp%2Fv2%2Fmedia&parent=1143"}],"wp:term":[{"taxonomy":"category","embeddable":true,"href":"http:\/\/blog.cuentoslossilos.es\/index.php?rest_route=%2Fwp%2Fv2%2Fcategories&post=1143"},{"taxonomy":"post_tag","embeddable":true,"href":"http:\/\/blog.cuentoslossilos.es\/index.php?rest_route=%2Fwp%2Fv2%2Ftags&post=1143"}],"curies":[{"name":"wp","href":"https:\/\/api.w.org\/{rel}","templated":true}]}}