{"id":1146,"date":"2020-10-22T17:59:44","date_gmt":"2020-10-22T17:59:44","guid":{"rendered":"http:\/\/blog.cuentoslossilos.es\/?p=1146"},"modified":"2021-04-13T08:32:44","modified_gmt":"2021-04-13T08:32:44","slug":"el-premio-aula-de-palabras-pedro-cerrillo-tendra-por-primera-vez-alcance-internacional","status":"publish","type":"post","link":"http:\/\/blog.cuentoslossilos.es\/?p=1146","title":{"rendered":"El Premio Aula de Palabras \u2018Pedro Cerrillo\u2019 tendr\u00e1 por primera vez alcance internacional"},"content":{"rendered":"\n<p>La Asociaci\u00f3n Cultural para el Desarrollo y Fomento de la Lectura y el Cuento, organizadora del Festival Internacional del Cuento de Los Silos, ha convocado el IV Premio Aula de Palabras \u2018Pedro Cerrillo\u2019 a la excelencia educativa en experiencias lectoras.<\/p>\n\n\n\n<p>Por primera vez, el galard\u00f3n traspasa las fronteras de la comunidad aut\u00f3noma de Canarias y adquiere categor\u00eda internacional, ya que podr\u00e1 concurrir cualquier docente de ense\u00f1anza no universitaria de los pa\u00edses de lengua espa\u00f1ola.<\/p>\n\n\n\n<!--more-->\n\n\n\n<p>El Premio Aula de Palabras \u2018Pedro Cerrillo\u2019 naci\u00f3 en 2017 para propiciar la divulgaci\u00f3n y el reconocimiento de proyectos de animaci\u00f3n lectora desarrollados en centros educativos caracterizados por la implementaci\u00f3n de estrategias creativas e innovadoras. Desde su segunda edici\u00f3n, el galard\u00f3n lleva el nombre de Pedro Cerrillo, director hasta su fallecimiento del Centro de Promoci\u00f3n de la Lectura y Literatura Infantil (CEPLI) de la Universidad de Castilla-La Mancha, estrechamente vinculado al Festival Internacional del Cuento de Los Silos.<\/p>\n\n\n\n<p>Los docentes interesados en participar deber\u00e1n presentar por correo electr\u00f3nico una memoria de su proyecto de experiencias lectoras junto al formulario de inscripci\u00f3n antes del 20 de noviembre. Tanto las bases como la gu\u00eda de presentaci\u00f3n de la memoria del proyecto pueden consultarse en&nbsp;<a href=\"https:\/\/cuentoslossilos.es\/premio-aula-de-palabras-pedro-cerrillo\">https:\/\/cuentoslossilos.es\/premio-aula-de-palabras-pedro-cerrillo<\/a>.<\/p>\n\n\n\n<p>Los proyectos deber\u00e1n se presentados por personas f\u00edsicas y solo podr\u00e1 presentar uno por docente, adem\u00e1s, que no haya sido galardonado en ediciones anteriores. La organizaci\u00f3n seleccionar\u00e1 un m\u00e1ximo de diez proyectos finalistas, que ser\u00e1n evaluados por un jurado formado por tres personas de reconocida solvencia profesional.<\/p>\n\n\n\n<p>El ganador del Premio Aula de Palabras, que se dar\u00e1 a conocer en la clausura del XXV Festival Internacional del Cuento, recibir\u00e1 una estatuilla dise\u00f1ada por el ilustrador mexicano Luis San Vicente y un premio en met\u00e1lico de 600 euros.<\/p>\n\n\n\n<p>El director del Festival Internacional del Cuento de Los Silos, Ernesto Rodr\u00edguez Abad, destaca la apuesta \u201cpor la educaci\u00f3n y por tratar de que nuestra labor repercuta directamente en la de los maestros; es una manera, adem\u00e1s, de valorar a los docentes, ya que muchas veces se dan galardones a artistas, pero en pocos lugares se premia la labor de quienes educan\u201d.<\/p>\n\n\n\n<p>\u201cEste a\u00f1o, aprovechando que el Festival tendr\u00e1, en parte, presencia virtual por la crisis sanitaria, hemos querido dar el salto con Aula de Palabras a toda el habla hispana, por lo que esperamos sorprendernos con los proyectos que lleguen desde Am\u00e9rica; se trata tambi\u00e9n de poner en contacto a maestros de uno y otro lado del Atl\u00e1ntico, lo que sirve adem\u00e1s para que la cultura canaria tenga por fin presencia fuera de las islas\u201d, a\u00f1ade.<\/p>\n","protected":false},"excerpt":{"rendered":"<p>Podr\u00e1 concurrir cualquier docente no universitario de los pa\u00edses de habla hispana para presentar su proyecto de experiencias lectoras<\/p>\n","protected":false},"author":2,"featured_media":1147,"comment_status":"closed","ping_status":"open","sticky":false,"template":"","format":"standard","meta":[],"categories":[220,208],"tags":[281,189,282],"_links":{"self":[{"href":"http:\/\/blog.cuentoslossilos.es\/index.php?rest_route=\/wp\/v2\/posts\/1146"}],"collection":[{"href":"http:\/\/blog.cuentoslossilos.es\/index.php?rest_route=\/wp\/v2\/posts"}],"about":[{"href":"http:\/\/blog.cuentoslossilos.es\/index.php?rest_route=\/wp\/v2\/types\/post"}],"author":[{"embeddable":true,"href":"http:\/\/blog.cuentoslossilos.es\/index.php?rest_route=\/wp\/v2\/users\/2"}],"replies":[{"embeddable":true,"href":"http:\/\/blog.cuentoslossilos.es\/index.php?rest_route=%2Fwp%2Fv2%2Fcomments&post=1146"}],"version-history":[{"count":1,"href":"http:\/\/blog.cuentoslossilos.es\/index.php?rest_route=\/wp\/v2\/posts\/1146\/revisions"}],"predecessor-version":[{"id":1148,"href":"http:\/\/blog.cuentoslossilos.es\/index.php?rest_route=\/wp\/v2\/posts\/1146\/revisions\/1148"}],"wp:featuredmedia":[{"embeddable":true,"href":"http:\/\/blog.cuentoslossilos.es\/index.php?rest_route=\/wp\/v2\/media\/1147"}],"wp:attachment":[{"href":"http:\/\/blog.cuentoslossilos.es\/index.php?rest_route=%2Fwp%2Fv2%2Fmedia&parent=1146"}],"wp:term":[{"taxonomy":"category","embeddable":true,"href":"http:\/\/blog.cuentoslossilos.es\/index.php?rest_route=%2Fwp%2Fv2%2Fcategories&post=1146"},{"taxonomy":"post_tag","embeddable":true,"href":"http:\/\/blog.cuentoslossilos.es\/index.php?rest_route=%2Fwp%2Fv2%2Ftags&post=1146"}],"curies":[{"name":"wp","href":"https:\/\/api.w.org\/{rel}","templated":true}]}}