{"id":1153,"date":"2020-11-04T16:46:06","date_gmt":"2020-11-04T16:46:06","guid":{"rendered":"http:\/\/blog.cuentoslossilos.es\/?p=1153"},"modified":"2021-04-13T08:32:35","modified_gmt":"2021-04-13T08:32:35","slug":"ana-duran-la-mujer-que-regala-historias-el-festival","status":"publish","type":"post","link":"http:\/\/blog.cuentoslossilos.es\/?p=1153","title":{"rendered":"Ana Dur\u00e1n: la mujer que regala historias al Festival"},"content":{"rendered":"\n<p>A Ana Dur\u00e1n le ha gustado escribir desde siempre. Esta vecina de Los Silos, que tiene la \u00abespinita clavada por no haber estudiado la carrera de Literatura\u00bb, se considera una afortunada por \u00abtener bastante imaginaci\u00f3n y lograr plasmar la idea en el papel sin dificultad\u00bb.<\/p>\n\n\n\n<p>Por eso, desde cuatro a\u00f1os regala al Festival Internacional del Cuento un relato breve acorde con la tem\u00e1tica de cada edici\u00f3n. Todo un detalle que refleja hasta qu\u00e9 punto los vecinos de Los Silos hacen suyo un evento que cada mes de diciembre congrega a miles de amantes de la oralidad y la literatura.<\/p>\n\n\n\n<!--more-->\n\n\n\n<p>\u00abComenc\u00e9 escribiendo peque\u00f1os art\u00edculos sobre lo que supon\u00eda el Festival para el pueblo, pero no me atrev\u00eda a envi\u00e1rselos a la organizaci\u00f3n&#8230; hasta que al final di el paso\u00bb. As\u00ed, en 2017 escribi\u00f3 <em>El tesoro m\u00e1s preciado: el agua; <\/em>en 2018, <em>El ni\u00f1o de aire<\/em>; y en 2019, <em>La hoguera m\u00e1gica<\/em>. Este 2020 ha regalado <em>La buena semilla<\/em>, aludiendo a la tierra, que cierra el ciclo de los cuatro elementos cuando el Festival cumple sus bodas de plata.<\/p>\n\n\n\n<p>\u00abEs un regalo, una aportaci\u00f3n que hago al Festival del Cuento, una forma de aportar mi granito de arena en esta gran monta\u00f1a construida durante todos estos a\u00f1os por tantas personas: director, colaboradores, contadores de cuentos venidos de tantos pa\u00edses, ilustradores, escritores\u2026\u00bb, asegura, al mismo tiempo que destaca la tem\u00e1tica infantil de los relatos porque \u00ablos ni\u00f1os son los grandes protagonistas del Festival\u00bb. No en vano, destaca que, cuando a finales de noviembre comienzan a llegar los alumnos a las visitas escolares, \u00abnos van metiendo en la magia de lo que est\u00e1 por llegar\u00bb.<\/p>\n\n\n\n<p>Ana Dur\u00e1n se considera una amante del Festival Internacional del Cuento: \u00abMe ha gustado desde siempre; algo que empez\u00f3 como un sue\u00f1o se ha convertido ya en un acontecimiento del que nos tenemos que sentir orgullosos en Los Silos porque nos da a conocer en el exterior\u00bb. Resalta que \u00abva siempre creciendo, super\u00e1ndose cada a\u00f1o y contando cada vez m\u00e1s con la implicaci\u00f3n de los vecinos, tambi\u00e9n con la colaboraci\u00f3n de los padres en los decorados de los colegios\u00bb.<\/p>\n\n\n\n<p>Este a\u00f1o, a causa de la crisis sanitaria, el Festival no podr\u00e1 tener la magnitud a la que estamos habituados, pero eso no significa que no haya cuentos en Los Silos. \u00abSe har\u00e1 lo que se pueda\u00bb, conf\u00eda Ana Dur\u00e1n. Al final, se trata de mantener viva la literatura y la narraci\u00f3n oral, algo que considera que \u00abse est\u00e1 perdiendo en parte\u00bb por las nuevas generaciones. \u00abLos padres deben implicarse en la educaci\u00f3n de sus hijos y generales un h\u00e1bito lector. Yo no me imagino mi vida sin la literatura. A m\u00ed me apasionaba tener un libro entre las manos y mi madre ten\u00eda que llamarme hasta cuatro veces para ir a comer porque no lo dejaba. Ser\u00eda una pena que los j\u00f3venes perdieran eso\u00bb, asegura.<\/p>\n\n\n\n<h2>2017. <a rel=\"noreferrer noopener\" aria-label=\"El tesoro m\u00e1s preciado: el agua (se abre en una nueva pesta\u00f1a)\" href=\"http:\/\/blog.cuentoslossilos.es\/?s=el+tesoro+m\u00e1s+preciado\" target=\"_blank\"><strong>El tesoro m\u00e1s preciado: el agua<\/strong><\/a><\/h2>\n\n\n\n<h2>2018. <strong><a rel=\"noreferrer noopener\" aria-label=\"El ni\u00f1o de aire (se abre en una nueva pesta\u00f1a)\" href=\"http:\/\/blog.cuentoslossilos.es\/?p=658\" target=\"_blank\">El ni\u00f1o de aire<\/a><\/strong><\/h2>\n\n\n\n<h2>2019. <strong><a rel=\"noreferrer noopener\" aria-label=\"La hoguera m\u00e1gica (se abre en una nueva pesta\u00f1a)\" href=\"http:\/\/blog.cuentoslossilos.es\/?p=892\" target=\"_blank\">La hoguera m\u00e1gica<\/a><\/strong><\/h2>\n\n\n\n<h2>2020. <a href=\"http:\/\/blog.cuentoslossilos.es\/?p=1149\" target=\"_blank\" rel=\"noreferrer noopener\" aria-label=\"La buena semilla (se abre en una nueva pesta\u00f1a)\"><strong>La buena semilla<\/strong><\/a><\/h2>\n","protected":false},"excerpt":{"rendered":"<p>Esta vecina de Los Silos obsequia desde hace cuatro a\u00f1os al Festival con un relato alusivo a la tem\u00e1tica de cada edici\u00f3n<\/p>\n","protected":false},"author":2,"featured_media":1157,"comment_status":"closed","ping_status":"open","sticky":false,"template":"","format":"standard","meta":[],"categories":[6,220],"tags":[98,281,282],"_links":{"self":[{"href":"http:\/\/blog.cuentoslossilos.es\/index.php?rest_route=\/wp\/v2\/posts\/1153"}],"collection":[{"href":"http:\/\/blog.cuentoslossilos.es\/index.php?rest_route=\/wp\/v2\/posts"}],"about":[{"href":"http:\/\/blog.cuentoslossilos.es\/index.php?rest_route=\/wp\/v2\/types\/post"}],"author":[{"embeddable":true,"href":"http:\/\/blog.cuentoslossilos.es\/index.php?rest_route=\/wp\/v2\/users\/2"}],"replies":[{"embeddable":true,"href":"http:\/\/blog.cuentoslossilos.es\/index.php?rest_route=%2Fwp%2Fv2%2Fcomments&post=1153"}],"version-history":[{"count":4,"href":"http:\/\/blog.cuentoslossilos.es\/index.php?rest_route=\/wp\/v2\/posts\/1153\/revisions"}],"predecessor-version":[{"id":1160,"href":"http:\/\/blog.cuentoslossilos.es\/index.php?rest_route=\/wp\/v2\/posts\/1153\/revisions\/1160"}],"wp:featuredmedia":[{"embeddable":true,"href":"http:\/\/blog.cuentoslossilos.es\/index.php?rest_route=\/wp\/v2\/media\/1157"}],"wp:attachment":[{"href":"http:\/\/blog.cuentoslossilos.es\/index.php?rest_route=%2Fwp%2Fv2%2Fmedia&parent=1153"}],"wp:term":[{"taxonomy":"category","embeddable":true,"href":"http:\/\/blog.cuentoslossilos.es\/index.php?rest_route=%2Fwp%2Fv2%2Fcategories&post=1153"},{"taxonomy":"post_tag","embeddable":true,"href":"http:\/\/blog.cuentoslossilos.es\/index.php?rest_route=%2Fwp%2Fv2%2Ftags&post=1153"}],"curies":[{"name":"wp","href":"https:\/\/api.w.org\/{rel}","templated":true}]}}