{"id":1253,"date":"2020-12-05T15:00:00","date_gmt":"2020-12-05T15:00:00","guid":{"rendered":"http:\/\/blog.cuentoslossilos.es\/?p=1253"},"modified":"2021-04-13T08:30:20","modified_gmt":"2021-04-13T08:30:20","slug":"el-objeto-y-la-sorpresa-en-la-narracion-con-cesar-sanchez-y-oswaldo-pai","status":"publish","type":"post","link":"http:\/\/blog.cuentoslossilos.es\/?p=1253","title":{"rendered":"El objeto y la sorpresa en la narraci\u00f3n, con C\u00e9sar S\u00e1nchez y Oswaldo PAI"},"content":{"rendered":"\n<p><em>La narraci\u00f3n, el objeto y la sorpresa <\/em> es el t\u00edtulo del primer conversatorio de este domingo 6 en el XXV Festival Internacional del Cuento. Sobre esa tem\u00e1tica debatir\u00e1n el profesor e investigador C\u00e9sar S\u00e1nchez Ortiz y el narrador y artista Oswaldo PAI a las 11 de la ma\u00f1ana a trav\u00e9s de la Sala Sibora.<\/p>\n\n\n\n<div class=\"wp-block-buttons\">\n<div class=\"wp-block-button\"><a class=\"wp-block-button__link\" href=\"https:\/\/vimeo.com\/event\/508096\" target=\"_blank\" rel=\"noreferrer noopener\">accede desde aqu\u00ed al conversatorio<\/a><\/div>\n<\/div>\n\n\n\n<p>En este conversatorio se proyectar\u00e1 tambi\u00e9n una p\u00edldora audiovisual con Jorge Serafim, narrador portugu\u00e9s que particip\u00f3 en el Festival del Cuento de la pasada edici\u00f3n de 2019 y que reflexionar\u00e1 sobre el humor como recurso en el arte de contar cuentos.<\/p>\n\n\n\n<!--more-->\n\n\n\n<p>C\u00e9sar S\u00e1nchez Ortiz (Cuenca), doctor en Filolog\u00eda Hisp\u00e1nica y profesor de Did\u00e1ctica de la Lengua y la Literatura de la Universidad de Castilla-La Mancha, adem\u00e1s de  investigador del Grupo LIEL de la misma instituci\u00f3n acad\u00e9mica, donde ha desarrollado una importante labor investigadora en la \u00e1mbito de la literatura y el folclore infantil, as\u00ed como en la censura en la historia de la literatura. Es un asiduo al Festival de Los Silos, participando este a\u00f1o de forma virtual a trav\u00e9s del Curso de Extensi\u00f3n Universitaria.<\/p>\n\n\n\n<p>Oswaldo Felipe (Zaragoza) pertenece a la PAI, Promotora de Acci\u00f3n Infantil, una compa\u00f1\u00eda de teatro y animaci\u00f3n de calle estrechamente vinculada al mundo de la educaci\u00f3n y la cultura. Ha participado en el Festival del Cuento en numerosas ocasiones, haci\u00e9ndose presente por \u00faltima vez en 2019 con las visitas escolares. Este a\u00f1o presentar\u00e1 para el p\u00fablico general el espect\u00e1culo <em>Artilogios<\/em>, un recital de inventos asombrosos reci\u00e9n salidos de un museo, ingenios electr\u00f3nicos y mec\u00e1nicos que marcar\u00e1n el ritmo del espect\u00e1culo. Con ellos acompa\u00f1ar\u00e1 poemas de Federico Garc\u00eda Lorca, Rafael Alberti, Gloria Fuertes&#8230; En definitiva, m\u00fasica, malabares e ilusionismo verbal que surgen al juntar jugar y juglar.<\/p>\n","protected":false},"excerpt":{"rendered":"<p>El primer conversatorio del domingo lleva las firmas de un conquense y un zaragozano<\/p>\n","protected":false},"author":2,"featured_media":1254,"comment_status":"closed","ping_status":"open","sticky":false,"template":"","format":"standard","meta":[],"categories":[6,220,208],"tags":[288,282],"_links":{"self":[{"href":"http:\/\/blog.cuentoslossilos.es\/index.php?rest_route=\/wp\/v2\/posts\/1253"}],"collection":[{"href":"http:\/\/blog.cuentoslossilos.es\/index.php?rest_route=\/wp\/v2\/posts"}],"about":[{"href":"http:\/\/blog.cuentoslossilos.es\/index.php?rest_route=\/wp\/v2\/types\/post"}],"author":[{"embeddable":true,"href":"http:\/\/blog.cuentoslossilos.es\/index.php?rest_route=\/wp\/v2\/users\/2"}],"replies":[{"embeddable":true,"href":"http:\/\/blog.cuentoslossilos.es\/index.php?rest_route=%2Fwp%2Fv2%2Fcomments&post=1253"}],"version-history":[{"count":1,"href":"http:\/\/blog.cuentoslossilos.es\/index.php?rest_route=\/wp\/v2\/posts\/1253\/revisions"}],"predecessor-version":[{"id":1255,"href":"http:\/\/blog.cuentoslossilos.es\/index.php?rest_route=\/wp\/v2\/posts\/1253\/revisions\/1255"}],"wp:featuredmedia":[{"embeddable":true,"href":"http:\/\/blog.cuentoslossilos.es\/index.php?rest_route=\/wp\/v2\/media\/1254"}],"wp:attachment":[{"href":"http:\/\/blog.cuentoslossilos.es\/index.php?rest_route=%2Fwp%2Fv2%2Fmedia&parent=1253"}],"wp:term":[{"taxonomy":"category","embeddable":true,"href":"http:\/\/blog.cuentoslossilos.es\/index.php?rest_route=%2Fwp%2Fv2%2Fcategories&post=1253"},{"taxonomy":"post_tag","embeddable":true,"href":"http:\/\/blog.cuentoslossilos.es\/index.php?rest_route=%2Fwp%2Fv2%2Ftags&post=1253"}],"curies":[{"name":"wp","href":"https:\/\/api.w.org\/{rel}","templated":true}]}}