{"id":284,"date":"2013-11-29T11:36:47","date_gmt":"2013-11-29T11:36:47","guid":{"rendered":"http:\/\/blog.cuentoslossilos.es\/?p=284"},"modified":"2014-12-01T13:04:39","modified_gmt":"2014-12-01T13:04:39","slug":"el-mundo-magico-de-viera-y-clavijo","status":"publish","type":"post","link":"http:\/\/blog.cuentoslossilos.es\/?p=284","title":{"rendered":"El mundo m\u00e1gico de Viera y Clavijo"},"content":{"rendered":"<p>Viera y Clavijo es la figura clave en nuestra nueva edici\u00f3n del festival. En torno a \u00e9l vamos a celebrar esta gran fiesta de la literatura. Uno de los espacios dedicados a este ilustre canario estar\u00e1 en la sala La Estrella. All\u00ed unos singulares personajes nos recibir\u00e1n para mostrarnos un mundo m\u00e1gico donde descubrir la Boda de las Plantas, la Loa de los Reyes Magos, Las Noticias del Cielo o Astronom\u00eda para ni\u00f1os. Una oportunidad para acercarse con toda la familia a este autor universal de una manera diferente. El s\u00e1bado d\u00eda 30 de noviembre ser\u00e1 el primer encuentro a las 17:00 h.<\/p>\n<p>M\u00e1s informaci\u00f3n en <a title=\"www.cuentoslossilos.es\" href=\"www.cuentoslossilos.es\">www.cuentoslossilos.es<\/a><\/p>\n<p>\u00bfTe lo vas a perder?<\/p>\n<p><a href=\"http:\/\/blog.cuentoslossilos.es\/?attachment_id=285\" rel=\"attachment wp-att-285\"><img loading=\"lazy\" class=\"aligncenter size-full wp-image-285\" title=\"mundo_m\u00e1gico_viera_y_clavijo\" src=\"http:\/\/blog.cuentoslossilos.es\/wp-content\/uploads\/2013\/11\/mundo_m\u00e1gico_viera_y_clavijo.jpg\" alt=\"\" width=\"1024\" height=\"683\" srcset=\"http:\/\/blog.cuentoslossilos.es\/wp-content\/uploads\/2013\/11\/mundo_m\u00e1gico_viera_y_clavijo.jpg 1024w, http:\/\/blog.cuentoslossilos.es\/wp-content\/uploads\/2013\/11\/mundo_m\u00e1gico_viera_y_clavijo-300x200.jpg 300w\" sizes=\"(max-width: 1024px) 100vw, 1024px\" \/><\/a><\/p>\n","protected":false},"excerpt":{"rendered":"<p>Viera y Clavijo es la figura clave en nuestra nueva edici\u00f3n del festival. En torno a \u00e9l vamos a celebrar esta gran fiesta de la literatura. Uno de los espacios dedicados a este ilustre canario estar\u00e1 en la sala La Estrella. All\u00ed unos singulares personajes nos recibir\u00e1n para mostrarnos un mundo m\u00e1gico donde descubrir la [&hellip;]<\/p>\n","protected":false},"author":1,"featured_media":0,"comment_status":"closed","ping_status":"open","sticky":false,"template":"","format":"standard","meta":[],"categories":[6,3],"tags":[19,31,8,9,27,14,28,34,13,40,23,17,29,62,15,61],"_links":{"self":[{"href":"http:\/\/blog.cuentoslossilos.es\/index.php?rest_route=\/wp\/v2\/posts\/284"}],"collection":[{"href":"http:\/\/blog.cuentoslossilos.es\/index.php?rest_route=\/wp\/v2\/posts"}],"about":[{"href":"http:\/\/blog.cuentoslossilos.es\/index.php?rest_route=\/wp\/v2\/types\/post"}],"author":[{"embeddable":true,"href":"http:\/\/blog.cuentoslossilos.es\/index.php?rest_route=\/wp\/v2\/users\/1"}],"replies":[{"embeddable":true,"href":"http:\/\/blog.cuentoslossilos.es\/index.php?rest_route=%2Fwp%2Fv2%2Fcomments&post=284"}],"version-history":[{"count":0,"href":"http:\/\/blog.cuentoslossilos.es\/index.php?rest_route=\/wp\/v2\/posts\/284\/revisions"}],"wp:attachment":[{"href":"http:\/\/blog.cuentoslossilos.es\/index.php?rest_route=%2Fwp%2Fv2%2Fmedia&parent=284"}],"wp:term":[{"taxonomy":"category","embeddable":true,"href":"http:\/\/blog.cuentoslossilos.es\/index.php?rest_route=%2Fwp%2Fv2%2Fcategories&post=284"},{"taxonomy":"post_tag","embeddable":true,"href":"http:\/\/blog.cuentoslossilos.es\/index.php?rest_route=%2Fwp%2Fv2%2Ftags&post=284"}],"curies":[{"name":"wp","href":"https:\/\/api.w.org\/{rel}","templated":true}]}}