{"id":290,"date":"2013-11-29T12:33:38","date_gmt":"2013-11-29T12:33:38","guid":{"rendered":"http:\/\/blog.cuentoslossilos.es\/?p=290"},"modified":"2014-12-01T13:04:38","modified_gmt":"2014-12-01T13:04:38","slug":"arteterror","status":"publish","type":"post","link":"http:\/\/blog.cuentoslossilos.es\/?p=290","title":{"rendered":"Arteterror"},"content":{"rendered":"<p>Arte y terror. Un concepto que nace de la mano de Ernesto Rodr\u00edguez Abad en el a\u00f1o 2000 que se ha venido desarrollando en el festival desde entonces y en otros puntos de la isla. La edici\u00f3n de este a\u00f1o tiene una nueva cita a partir del s\u00e1bado 30 de noviembre a las 22:30 h.<\/p>\n<p>Lo oculto, el misterio, los miedos o lo paranormal siempre han estado ligados al ser humano. Muchos autores como Edgar Allan\u00a0Poe, \u00a0Howard P. Lovecraft o Joseph S. Le Fanu dedicaron parte de su obra a este g\u00e9nero. Rodr\u00edguez Abad hace una revisi\u00f3n de los cl\u00e1sicos e incorpora nuevas f\u00f3rmulas para acercar al espectador a este estilo tan conocido, pero a la vez tan desvirtuado. Lejos del cl\u00e1sico pasaje del terror o galer\u00eda del miedo, pretende sumergir al p\u00fablico en un mundo de fantas\u00eda literaria, donde experimentar sensaciones entre lo psicol\u00f3gico y lo sensorial.<\/p>\n<p>\u00bfTe lo vas a perder?<\/p>\n<p><a href=\"http:\/\/blog.cuentoslossilos.es\/?attachment_id=291\" rel=\"attachment wp-att-291\"><img loading=\"lazy\" class=\"aligncenter size-large wp-image-291\" title=\"arte_terror\" src=\"http:\/\/blog.cuentoslossilos.es\/wp-content\/uploads\/2013\/11\/arte_terror-682x1024.jpg\" alt=\"\" width=\"640\" height=\"960\" srcset=\"http:\/\/blog.cuentoslossilos.es\/wp-content\/uploads\/2013\/11\/arte_terror-682x1024.jpg 682w, http:\/\/blog.cuentoslossilos.es\/wp-content\/uploads\/2013\/11\/arte_terror-199x300.jpg 199w, http:\/\/blog.cuentoslossilos.es\/wp-content\/uploads\/2013\/11\/arte_terror.jpg 853w\" sizes=\"(max-width: 640px) 100vw, 640px\" \/><\/a><\/p>\n<p><span style=\"text-decoration: underline;\">Direccio\u0301n e idea original<\/span><br \/>\nErnesto Rodri\u0301guez Abad<br \/>\n<span style=\"text-decoration: underline;\">Ayudante de direccio\u0301n<\/span><br \/>\nCe\u0301sar Marti\u0301n<br \/>\n<span style=\"text-decoration: underline;\">Produccio\u0301n<\/span><br \/>\nFestival Internacional del Cuento de Los Silos<\/p>\n<p><span style=\"text-decoration: underline;\">Regiduri\u0301a y vestuario<\/span><br \/>\nLeticia Marrero<br \/>\n<span style=\"text-decoration: underline;\">Textos<\/span><br \/>\nErnesto Rodri\u0301guez Abad y Ce\u0301sar Marti\u0301n<\/p>\n<p><span style=\"text-decoration: underline;\">Mu\u0301sica original<\/span><br \/>\nCe\u0301sar Marti\u0301n<\/p>\n<p><span style=\"text-decoration: underline;\">Reparto<\/span><br \/>\nMoneyba Hdez, Andr\u00e9s Gonz\u00e1lez Novoa, Aaron Gonz\u00e1lez, H\u00e9ctor Ru\u00edz Verde, Elvira M\u00e9ndez y Juanma Moreno.<\/p>\n","protected":false},"excerpt":{"rendered":"<p>Arte y terror. Un concepto que nace de la mano de Ernesto Rodr\u00edguez Abad en el a\u00f1o 2000 que se ha venido desarrollando en el festival desde entonces y en otros puntos de la isla. La edici\u00f3n de este a\u00f1o tiene una nueva cita a partir del s\u00e1bado 30 de noviembre a las 22:30 h. [&hellip;]<\/p>\n","protected":false},"author":1,"featured_media":0,"comment_status":"closed","ping_status":"open","sticky":false,"template":"","format":"standard","meta":[],"categories":[6,3],"tags":[19,63,64,51,31,8,9,27,14,12,28,34,13,40,23,66,17,29,15,65],"_links":{"self":[{"href":"http:\/\/blog.cuentoslossilos.es\/index.php?rest_route=\/wp\/v2\/posts\/290"}],"collection":[{"href":"http:\/\/blog.cuentoslossilos.es\/index.php?rest_route=\/wp\/v2\/posts"}],"about":[{"href":"http:\/\/blog.cuentoslossilos.es\/index.php?rest_route=\/wp\/v2\/types\/post"}],"author":[{"embeddable":true,"href":"http:\/\/blog.cuentoslossilos.es\/index.php?rest_route=\/wp\/v2\/users\/1"}],"replies":[{"embeddable":true,"href":"http:\/\/blog.cuentoslossilos.es\/index.php?rest_route=%2Fwp%2Fv2%2Fcomments&post=290"}],"version-history":[{"count":0,"href":"http:\/\/blog.cuentoslossilos.es\/index.php?rest_route=\/wp\/v2\/posts\/290\/revisions"}],"wp:attachment":[{"href":"http:\/\/blog.cuentoslossilos.es\/index.php?rest_route=%2Fwp%2Fv2%2Fmedia&parent=290"}],"wp:term":[{"taxonomy":"category","embeddable":true,"href":"http:\/\/blog.cuentoslossilos.es\/index.php?rest_route=%2Fwp%2Fv2%2Fcategories&post=290"},{"taxonomy":"post_tag","embeddable":true,"href":"http:\/\/blog.cuentoslossilos.es\/index.php?rest_route=%2Fwp%2Fv2%2Ftags&post=290"}],"curies":[{"name":"wp","href":"https:\/\/api.w.org\/{rel}","templated":true}]}}