{"id":296,"date":"2013-11-30T14:01:37","date_gmt":"2013-11-30T14:01:37","guid":{"rendered":"http:\/\/blog.cuentoslossilos.es\/?p=296"},"modified":"2014-12-01T13:04:38","modified_gmt":"2014-12-01T13:04:38","slug":"cuentos-y-musica-para-bebes","status":"publish","type":"post","link":"http:\/\/blog.cuentoslossilos.es\/?p=296","title":{"rendered":"Cuentos y m\u00fasica para beb\u00e9s"},"content":{"rendered":"<p>Uno de los primeros sentidos que desarrolla el ser humano es el o\u00eddo. En el vientre materno nos conecta con el exterior; son nuestros primeros descubrimientos. Cuando nacemos, a\u00fan torpes con la visi\u00f3n, nos aferramos \u00a0a voces y sonidos para explorar el mundo que nos rodea. Es nuestro primer contacto con la realidad y de ah\u00ed la importancia de que nuestros padres cuiden y mimen estos momentos.<\/p>\n<p>Cuentos y m\u00fasica para beb\u00e9s es adentrarse en el universo de los sonidos, es aprender a recitar poemas, jugar con los instrumentos, narrar peque\u00f1as historias&#8230; Un espect\u00e1culo donde encontrarnos con la palabra y la melod\u00eda para viajar con nuestros hijos.<\/p>\n<p>Partiendo de la idea y textos de Ernesto Rodr\u00edguez Abad junto a la m\u00fasica de C\u00e9sar Mart\u00edn y la voz de Candelaria Hern\u00e1ndez es la propuesta del festival este a\u00f1o. El domingo 1 de diciembre a las 11:00 h podr\u00e1s encontrarlos en Los Silos.<\/p>\n<p>\u00bfTe lo vas a perder?<\/p>\n<p><a href=\"http:\/\/blog.cuentoslossilos.es\/?attachment_id=297\" rel=\"attachment wp-att-297\"><img loading=\"lazy\" class=\"aligncenter size-large wp-image-297\" title=\"cuentos_bebes\" src=\"http:\/\/blog.cuentoslossilos.es\/wp-content\/uploads\/2013\/11\/cuentos_bebes-1024x364.jpg\" alt=\"\" width=\"640\" height=\"227\" srcset=\"http:\/\/blog.cuentoslossilos.es\/wp-content\/uploads\/2013\/11\/cuentos_bebes-1024x364.jpg 1024w, http:\/\/blog.cuentoslossilos.es\/wp-content\/uploads\/2013\/11\/cuentos_bebes-300x106.jpg 300w, http:\/\/blog.cuentoslossilos.es\/wp-content\/uploads\/2013\/11\/cuentos_bebes.jpg 1280w\" sizes=\"(max-width: 640px) 100vw, 640px\" \/><\/a><\/p>\n","protected":false},"excerpt":{"rendered":"<p>Uno de los primeros sentidos que desarrolla el ser humano es el o\u00eddo. En el vientre materno nos conecta con el exterior; son nuestros primeros descubrimientos. Cuando nacemos, a\u00fan torpes con la visi\u00f3n, nos aferramos \u00a0a voces y sonidos para explorar el mundo que nos rodea. Es nuestro primer contacto con la realidad y de [&hellip;]<\/p>\n","protected":false},"author":1,"featured_media":0,"comment_status":"closed","ping_status":"open","sticky":false,"template":"","format":"standard","meta":[],"categories":[6,3],"tags":[19,68,51,31,8,67,12,28,34,13,40,23,17,29,15],"_links":{"self":[{"href":"http:\/\/blog.cuentoslossilos.es\/index.php?rest_route=\/wp\/v2\/posts\/296"}],"collection":[{"href":"http:\/\/blog.cuentoslossilos.es\/index.php?rest_route=\/wp\/v2\/posts"}],"about":[{"href":"http:\/\/blog.cuentoslossilos.es\/index.php?rest_route=\/wp\/v2\/types\/post"}],"author":[{"embeddable":true,"href":"http:\/\/blog.cuentoslossilos.es\/index.php?rest_route=\/wp\/v2\/users\/1"}],"replies":[{"embeddable":true,"href":"http:\/\/blog.cuentoslossilos.es\/index.php?rest_route=%2Fwp%2Fv2%2Fcomments&post=296"}],"version-history":[{"count":0,"href":"http:\/\/blog.cuentoslossilos.es\/index.php?rest_route=\/wp\/v2\/posts\/296\/revisions"}],"wp:attachment":[{"href":"http:\/\/blog.cuentoslossilos.es\/index.php?rest_route=%2Fwp%2Fv2%2Fmedia&parent=296"}],"wp:term":[{"taxonomy":"category","embeddable":true,"href":"http:\/\/blog.cuentoslossilos.es\/index.php?rest_route=%2Fwp%2Fv2%2Fcategories&post=296"},{"taxonomy":"post_tag","embeddable":true,"href":"http:\/\/blog.cuentoslossilos.es\/index.php?rest_route=%2Fwp%2Fv2%2Ftags&post=296"}],"curies":[{"name":"wp","href":"https:\/\/api.w.org\/{rel}","templated":true}]}}