{"id":299,"date":"2013-11-30T14:16:24","date_gmt":"2013-11-30T14:16:24","guid":{"rendered":"http:\/\/blog.cuentoslossilos.es\/?p=299"},"modified":"2014-12-01T13:04:37","modified_gmt":"2014-12-01T13:04:37","slug":"donde-dijo-viera-el-nuevo-espectaculo-del-grupo-tigaray","status":"publish","type":"post","link":"http:\/\/blog.cuentoslossilos.es\/?p=299","title":{"rendered":"&#8216;Donde dijo Viera&#8217;, el nuevo espect\u00e1culo del grupo Tigaray"},"content":{"rendered":"<p>Con motivo del bicentenario de la muerte de Jos\u00e9 de Viera y Clavijo, el grupo musical Tigaray ha rendido un homenaje al intelectual isle\u00f1o. \u00abDonde dijo Viera\u00bb es el t\u00edtulo de este tributo que pretende enaltecer y divulgar los contenidos y la tem\u00e1tica del ilustre canario.<\/p>\n<p>Creatividad y tradici\u00f3n se unen en este espect\u00e1culo para dar sentido a un cancionero compuesto por ocho temas totalmente in\u00e9ditos. As\u00ed se detienen en los pasajes de obras tan importantes como \u00abNoticias de la Historia General de Canarias\u00bb, \u00abLa boda de las plantas\u00bb e incluso en \u00abOdas\u00bb suyas todav\u00eda in\u00e9ditas como \u00abLa mujer\u00bb.<\/p>\n<p>An\u00edmense a descubrir m\u00e1s sobre este personaje en la actuaci\u00f3n que tendremos en el festival, ser\u00e1 el domingo d\u00eda 1 de diciembre a las 19:00 h.<\/p>\n<p>\u00bfTe lo vas a perder?<\/p>\n<p><a href=\"http:\/\/blog.cuentoslossilos.es\/?attachment_id=300\" rel=\"attachment wp-att-300\"><img loading=\"lazy\" class=\"aligncenter size-full wp-image-300\" title=\"tigaray1\" src=\"http:\/\/blog.cuentoslossilos.es\/wp-content\/uploads\/2013\/11\/tigaray1.png\" alt=\"\" width=\"320\" height=\"240\" srcset=\"http:\/\/blog.cuentoslossilos.es\/wp-content\/uploads\/2013\/11\/tigaray1.png 320w, http:\/\/blog.cuentoslossilos.es\/wp-content\/uploads\/2013\/11\/tigaray1-300x225.png 300w\" sizes=\"(max-width: 320px) 100vw, 320px\" \/><\/a><\/p>\n<p><iframe loading=\"lazy\" src=\"\/\/www.youtube.com\/embed\/bFzwFnquKs4\" frameborder=\"0\" width=\"420\" height=\"315\"><\/iframe><\/p>\n","protected":false},"excerpt":{"rendered":"<p>Con motivo del bicentenario de la muerte de Jos\u00e9 de Viera y Clavijo, el grupo musical Tigaray ha rendido un homenaje al intelectual isle\u00f1o. \u00abDonde dijo Viera\u00bb es el t\u00edtulo de este tributo que pretende enaltecer y divulgar los contenidos y la tem\u00e1tica del ilustre canario. Creatividad y tradici\u00f3n se unen en este espect\u00e1culo para [&hellip;]<\/p>\n","protected":false},"author":1,"featured_media":0,"comment_status":"closed","ping_status":"open","sticky":false,"template":"","format":"standard","meta":[],"categories":[3],"tags":[19,31,8,9,27,14,28,34,70,40,23,71,15,69,61],"_links":{"self":[{"href":"http:\/\/blog.cuentoslossilos.es\/index.php?rest_route=\/wp\/v2\/posts\/299"}],"collection":[{"href":"http:\/\/blog.cuentoslossilos.es\/index.php?rest_route=\/wp\/v2\/posts"}],"about":[{"href":"http:\/\/blog.cuentoslossilos.es\/index.php?rest_route=\/wp\/v2\/types\/post"}],"author":[{"embeddable":true,"href":"http:\/\/blog.cuentoslossilos.es\/index.php?rest_route=\/wp\/v2\/users\/1"}],"replies":[{"embeddable":true,"href":"http:\/\/blog.cuentoslossilos.es\/index.php?rest_route=%2Fwp%2Fv2%2Fcomments&post=299"}],"version-history":[{"count":0,"href":"http:\/\/blog.cuentoslossilos.es\/index.php?rest_route=\/wp\/v2\/posts\/299\/revisions"}],"wp:attachment":[{"href":"http:\/\/blog.cuentoslossilos.es\/index.php?rest_route=%2Fwp%2Fv2%2Fmedia&parent=299"}],"wp:term":[{"taxonomy":"category","embeddable":true,"href":"http:\/\/blog.cuentoslossilos.es\/index.php?rest_route=%2Fwp%2Fv2%2Fcategories&post=299"},{"taxonomy":"post_tag","embeddable":true,"href":"http:\/\/blog.cuentoslossilos.es\/index.php?rest_route=%2Fwp%2Fv2%2Ftags&post=299"}],"curies":[{"name":"wp","href":"https:\/\/api.w.org\/{rel}","templated":true}]}}