{"id":612,"date":"2017-12-09T18:27:37","date_gmt":"2017-12-09T18:27:37","guid":{"rendered":"http:\/\/blog.cuentoslossilos.es\/?p=612"},"modified":"2021-04-13T08:40:04","modified_gmt":"2021-04-13T08:40:04","slug":"el-ceip-santa-ursula-se-lleva-el-i-premio-de-experiencias-lectoras","status":"publish","type":"post","link":"http:\/\/blog.cuentoslossilos.es\/?p=612","title":{"rendered":"El CEIP Santa \u00darsula se lleva el I Premio de Experiencias Lectoras"},"content":{"rendered":"<p>La Asociaci\u00f3n Cultural para el Desarrollo y Fomento de la Lectura y el Cuento, en el marco del Festival Internacional del Cuento de Los Silos, ha entregado este s\u00e1bado, dentro de la clausura del Festival, el I Premio regional de Excelencia Educativa en Experiencias Lectoras, dirigido a docentes de todos los niveles de educaci\u00f3n no universitaria.<\/p>\n<p><!--more--><\/p>\n<p>El certamen ha tenido como objetivo propiciar la divulgaci\u00f3n y reconocimiento de proyectos de animaci\u00f3n lectora desarrollados en centros educativos caracterizados por la implementaci\u00f3n de estrategias creativas e innovadoras.<\/p>\n<p><img loading=\"lazy\" class=\"size-full wp-image-614 aligncenter\" src=\"http:\/\/blog.cuentoslossilos.es\/wp-content\/uploads\/2017\/12\/WhatsApp-Image-2017-12-09-at-17.41.20-1.jpeg\" alt=\"\" width=\"1600\" height=\"1200\" srcset=\"http:\/\/blog.cuentoslossilos.es\/wp-content\/uploads\/2017\/12\/WhatsApp-Image-2017-12-09-at-17.41.20-1.jpeg 1600w, http:\/\/blog.cuentoslossilos.es\/wp-content\/uploads\/2017\/12\/WhatsApp-Image-2017-12-09-at-17.41.20-1-300x225.jpeg 300w, http:\/\/blog.cuentoslossilos.es\/wp-content\/uploads\/2017\/12\/WhatsApp-Image-2017-12-09-at-17.41.20-1-768x576.jpeg 768w, http:\/\/blog.cuentoslossilos.es\/wp-content\/uploads\/2017\/12\/WhatsApp-Image-2017-12-09-at-17.41.20-1-1024x768.jpeg 1024w, http:\/\/blog.cuentoslossilos.es\/wp-content\/uploads\/2017\/12\/WhatsApp-Image-2017-12-09-at-17.41.20-1-1200x900.jpeg 1200w\" sizes=\"(max-width: 1600px) 100vw, 1600px\" \/><\/p>\n<p>A esta convocatoria, enmarcada dentro de la experiencia <em>Aula de palabras<\/em> y\u00a0que aspira a convertirse pr\u00f3ximamente en internacional con proyectos de Am\u00e9rica, han concurrido un total de doce proyectos canarios.<\/p>\n<p>El I Premio Regional de Excelencia educativa en experiencias lectoras ha reca\u00eddo en Mar\u00eda del Rosario P\u00e9rez Mesa, del CEIP Santa \u00darsula, por el proyecto\u00a0<em>Semana de las letras diversas<\/em>.<\/p>\n<p>Adem\u00e1s, de acuerdo con las bases del concurso, el jurado ha otorgado dos acc\u00e9sits. El primero, a Domingo Ledesma D\u00edaz, del CEIP Tom\u00e1s de Iriarte (Puerto de la Cruz), con\u00a0<em>Del cuento escrito al cuento interpretado y filmado<\/em>. El segundo, a Jacqueline Negr\u00edn Rocha, del CEIP Te\u00f3filo P\u00e9rez (Tegueste), con\u00a0<em>La biblioteca te cuenta<\/em>.<\/p>\n<p>La <a href=\"http:\/\/blog.cuentoslossilos.es\/?p=494\" target=\"_blank\" rel=\"noopener noreferrer\">Agencia Canaria de Calidad Universitaria y Excelencia Educativa<\/a> (ACCUEE) se ha sumado al certamen otorgando uno de los dos acc\u00e9sits.<\/p>\n<p>La coordinadora de Experiencias Lectoras, la docente Rebeca Rodr\u00edguez, se mostraba \u00abmuy satisfecha\u00bb por la concurrencia de los doce proyectos y por \u00abel alto nivel\u00bb de todos ellos, lo que ha hecho \u00abmuy dif\u00edcil\u00bb decantarse por un ganador.<\/p>\n<p><img loading=\"lazy\" class=\"alignnone size-full wp-image-613\" src=\"http:\/\/blog.cuentoslossilos.es\/wp-content\/uploads\/2017\/12\/WhatsApp-Image-2017-12-09-at-17.41.20-2.jpeg\" alt=\"\" width=\"1600\" height=\"1200\" srcset=\"http:\/\/blog.cuentoslossilos.es\/wp-content\/uploads\/2017\/12\/WhatsApp-Image-2017-12-09-at-17.41.20-2.jpeg 1600w, http:\/\/blog.cuentoslossilos.es\/wp-content\/uploads\/2017\/12\/WhatsApp-Image-2017-12-09-at-17.41.20-2-300x225.jpeg 300w, http:\/\/blog.cuentoslossilos.es\/wp-content\/uploads\/2017\/12\/WhatsApp-Image-2017-12-09-at-17.41.20-2-768x576.jpeg 768w, http:\/\/blog.cuentoslossilos.es\/wp-content\/uploads\/2017\/12\/WhatsApp-Image-2017-12-09-at-17.41.20-2-1024x768.jpeg 1024w, http:\/\/blog.cuentoslossilos.es\/wp-content\/uploads\/2017\/12\/WhatsApp-Image-2017-12-09-at-17.41.20-2-1200x900.jpeg 1200w\" sizes=\"(max-width: 1600px) 100vw, 1600px\" \/><\/p>\n<p>El jurado de esta primera edici\u00f3n ha estado formado por tres de los escritores invitados al Festival Internacional del Cuento: la barcelonesa Elvira Novell Iglesias, el estadounidense Sergio Andrica\u00edn y el venezolano Fanuel Han\u00e1n D\u00edaz.<\/p>\n<p>Los premiados han sido galardonados con unas hermosas y trabajadas esculturas de madera, dise\u00f1adas por el ilustrador mexicano Luis San Vicente y realizadas en madera de una sola pieza y piedra de Arucas por el artista silense V\u00edctor M\u00e9ndez, autor tambi\u00e9n de la decoraci\u00f3n del Festival.<\/p>\n<p><img loading=\"lazy\" class=\"alignnone size-full wp-image-616\" src=\"http:\/\/blog.cuentoslossilos.es\/wp-content\/uploads\/2017\/12\/WhatsApp-Image-2017-12-09-at-17.41.21-1.jpeg\" alt=\"\" width=\"1600\" height=\"1200\" srcset=\"http:\/\/blog.cuentoslossilos.es\/wp-content\/uploads\/2017\/12\/WhatsApp-Image-2017-12-09-at-17.41.21-1.jpeg 1600w, http:\/\/blog.cuentoslossilos.es\/wp-content\/uploads\/2017\/12\/WhatsApp-Image-2017-12-09-at-17.41.21-1-300x225.jpeg 300w, http:\/\/blog.cuentoslossilos.es\/wp-content\/uploads\/2017\/12\/WhatsApp-Image-2017-12-09-at-17.41.21-1-768x576.jpeg 768w, http:\/\/blog.cuentoslossilos.es\/wp-content\/uploads\/2017\/12\/WhatsApp-Image-2017-12-09-at-17.41.21-1-1024x768.jpeg 1024w, http:\/\/blog.cuentoslossilos.es\/wp-content\/uploads\/2017\/12\/WhatsApp-Image-2017-12-09-at-17.41.21-1-1200x900.jpeg 1200w\" sizes=\"(max-width: 1600px) 100vw, 1600px\" \/><\/p>\n","protected":false},"excerpt":{"rendered":"<p>La Asociaci\u00f3n Cultural para el Desarrollo y Fomento de la Lectura y el Cuento, en el marco del Festival Internacional del Cuento de Los Silos, ha entregado este s\u00e1bado, dentro de la clausura del Festival, el I Premio regional de Excelencia Educativa en Experiencias Lectoras, dirigido a docentes de todos los niveles de educaci\u00f3n no [&hellip;]<\/p>\n","protected":false},"author":2,"featured_media":618,"comment_status":"closed","ping_status":"open","sticky":false,"template":"","format":"standard","meta":[],"categories":[3],"tags":[127,94,126,128],"_links":{"self":[{"href":"http:\/\/blog.cuentoslossilos.es\/index.php?rest_route=\/wp\/v2\/posts\/612"}],"collection":[{"href":"http:\/\/blog.cuentoslossilos.es\/index.php?rest_route=\/wp\/v2\/posts"}],"about":[{"href":"http:\/\/blog.cuentoslossilos.es\/index.php?rest_route=\/wp\/v2\/types\/post"}],"author":[{"embeddable":true,"href":"http:\/\/blog.cuentoslossilos.es\/index.php?rest_route=\/wp\/v2\/users\/2"}],"replies":[{"embeddable":true,"href":"http:\/\/blog.cuentoslossilos.es\/index.php?rest_route=%2Fwp%2Fv2%2Fcomments&post=612"}],"version-history":[{"count":1,"href":"http:\/\/blog.cuentoslossilos.es\/index.php?rest_route=\/wp\/v2\/posts\/612\/revisions"}],"predecessor-version":[{"id":1311,"href":"http:\/\/blog.cuentoslossilos.es\/index.php?rest_route=\/wp\/v2\/posts\/612\/revisions\/1311"}],"wp:featuredmedia":[{"embeddable":true,"href":"http:\/\/blog.cuentoslossilos.es\/index.php?rest_route=\/wp\/v2\/media\/618"}],"wp:attachment":[{"href":"http:\/\/blog.cuentoslossilos.es\/index.php?rest_route=%2Fwp%2Fv2%2Fmedia&parent=612"}],"wp:term":[{"taxonomy":"category","embeddable":true,"href":"http:\/\/blog.cuentoslossilos.es\/index.php?rest_route=%2Fwp%2Fv2%2Fcategories&post=612"},{"taxonomy":"post_tag","embeddable":true,"href":"http:\/\/blog.cuentoslossilos.es\/index.php?rest_route=%2Fwp%2Fv2%2Ftags&post=612"}],"curies":[{"name":"wp","href":"https:\/\/api.w.org\/{rel}","templated":true}]}}