{"id":653,"date":"2018-11-20T14:29:46","date_gmt":"2018-11-20T14:29:46","guid":{"rendered":"http:\/\/blog.cuentoslossilos.es\/?p=653"},"modified":"2021-04-13T08:39:49","modified_gmt":"2021-04-13T08:39:49","slug":"los-silos-celebra-23-anos-de-cuentos-desde-la-cumbre-a-la-costa","status":"publish","type":"post","link":"http:\/\/blog.cuentoslossilos.es\/?p=653","title":{"rendered":"Los Silos celebra 23 a\u00f1os de cuentos \u201cdesde la cumbre a la costa\u201d"},"content":{"rendered":"<p><strong>El Festival Internacional del Cuento de Los Silos dedica esta edici\u00f3n al aire con propuestas novedosas<\/strong><\/p>\n<p>La Villa de Los Silos acoge del 2 al 8 de diciembre la\u00a0XXIII edici\u00f3n\u00a0 del Festival Internacional del Cuento. En esta ocasi\u00f3n, est\u00e1 dedicado al aire, siguiendo el periplo por los cuatro elementos que, tras el agua en 2017, seguir\u00e1 con el fuego en 2019 y culminar\u00e1 con la tierra en 2020, cuando se celebren los 25 a\u00f1os de cuentos en el municipio.<!--more--><\/p>\n<p>Los detalles de esta nueva edici\u00f3n se han dado a conocer este viernes en la rueda de prensa de presentaci\u00f3n del Festival en la sede de la Fundaci\u00f3n CajaCanarias de Santa Cruz de Tenerife. En el acto han estado presentes el director del Festival Internacional del Cuento, Ernesto Rodr\u00edguez Abad; el alcalde de Los Silos, Santiago Mart\u00edn; el viceconsejero de Cultura y Deportes del Gobierno de Canarias, Aurelio Gonz\u00e1lez; la consejera de Juventud, Igualdad y Patrimonio Hist\u00f3rico del Cabildo de Tenerife, Josefa Mesa; el gestor de la sede territorial de La Caixa, Mauricio Gonz\u00e1lez; y el director general de la Fundaci\u00f3n CajaCanarias, Alfredo Luaces.<\/p>\n<p>Alfredo Luaces record\u00f3 que la Fundaci\u00f3n CajaCanarias lleva colaborando con el Festival desde su primera edici\u00f3n en 1996 porque \u201capostamos por el fomento de la cultura, la lectura y la narraci\u00f3n oral\u201d.<\/p>\n<p>Aurelio Gonz\u00e1lez se\u00f1al\u00f3 que el Gobierno de Canarias coincide con los objetivos que persigue el Festival Internacional del Cuento, \u201cdespertar el placer lector porque el libro nos ayuda a vivir\u201d, y anim\u00f3 a \u201cmantener este importante proyecto en el tiempo\u201d.<\/p>\n<p>Josefa Mesa reivindic\u00f3 que \u201cestos festivales necesitan contar con un presupuesto fijo cada a\u00f1o para que puedan consolidarse de una forma m\u00e1s activa\u201d, al mismo tiempo que recalc\u00f3 el \u201ccompromiso del Cabildo\u201d.<\/p>\n<p>Mauricio Gonz\u00e1lez destac\u00f3 las \u201csinergias entre lo p\u00fablico y lo privado\u201d y agradeci\u00f3 poder estar \u201cpresentes en acciones concretas como estas gracias a la sinergia con la Fundaci\u00f3n CajaCanarias. Adem\u00e1s, expuso que el Festival es una \u201cl\u00ednea de desarrollo entre el pueblo y las personas, que tambi\u00e9n propicia un desarrollo econ\u00f3mico\u201d.<\/p>\n<p>Santiago Mart\u00edn, al igual que el resto de autoridades, mostr\u00f3 su agradecimiento a todas las personas que trabajan y colaboran con el Festival del Cuento y subray\u00f3 que \u201cresulta impensable hablar de Los Silos sin tener una menci\u00f3n especial\u201d sobre este evento. Enfatiz\u00f3 que el Festival tambi\u00e9n tiene un componente de labor social a trav\u00e9s de m\u00faltiples iniciativas y anim\u00f3 al p\u00fablico a descubrir Los Silos al mismo tiempo que disfrutan de los cuentos.<\/p>\n<p>El director del Festival, Ernesto Rodr\u00edguez Abad, desgran\u00f3 algunas de las novedades de esta edici\u00f3n, donde destacan cuentos en las charcas de Erjos vinculados a la observaci\u00f3n de este ecosistema, sesiones en una de las primeras guaguas de la isla o en bibliotecas particulares. Record\u00f3 la apuesta decidida del Festival por los espect\u00e1culos en lugares peque\u00f1os y para grupos reducidos, al mismo tiempo que se pone en valor el municipio de Los Silos como escenario, \u201cdesde la cumbre hasta la costa\u201d.<\/p>\n<p>Destac\u00f3 la segunda convocatoria del premio Aula de Palabras a la mejor experiencia lectora en colegios, cuyo jurado estar\u00e1 compuesto por expertos a nivel nacional e internacional. \u201cTenemos que reivindicar la labor docente que se hace en Canarias y demostrar a la sociedad que hay profesores implicados con la lectura\u201d, apostill\u00f3.<\/p>\n<p>Otra de las novedades de esta edici\u00f3n es el regreso de la revista del Festival, <em>Mnem\u00f3syne<\/em>, a la edici\u00f3n impresa, al igual que el homenaje que se realizar\u00e1 al exdirector del CEPLI de Castilla-La Mancha, Pedro Cerrillo, fallecido recientemente y colaborador del Festival de Los Silos.<\/p>\n","protected":false},"excerpt":{"rendered":"<p>El Festival Internacional del Cuento de Los Silos dedica esta edici\u00f3n al aire con propuestas novedosas La Villa de Los Silos acoge del 2 al 8 de diciembre la\u00a0XXIII edici\u00f3n\u00a0 del Festival Internacional del Cuento. En esta ocasi\u00f3n, est\u00e1 dedicado al aire, siguiendo el periplo por los cuatro elementos que, tras el agua en 2017, [&hellip;]<\/p>\n","protected":false},"author":2,"featured_media":655,"comment_status":"closed","ping_status":"open","sticky":false,"template":"","format":"standard","meta":[],"categories":[3],"tags":[138,139,137,135,136],"_links":{"self":[{"href":"http:\/\/blog.cuentoslossilos.es\/index.php?rest_route=\/wp\/v2\/posts\/653"}],"collection":[{"href":"http:\/\/blog.cuentoslossilos.es\/index.php?rest_route=\/wp\/v2\/posts"}],"about":[{"href":"http:\/\/blog.cuentoslossilos.es\/index.php?rest_route=\/wp\/v2\/types\/post"}],"author":[{"embeddable":true,"href":"http:\/\/blog.cuentoslossilos.es\/index.php?rest_route=\/wp\/v2\/users\/2"}],"replies":[{"embeddable":true,"href":"http:\/\/blog.cuentoslossilos.es\/index.php?rest_route=%2Fwp%2Fv2%2Fcomments&post=653"}],"version-history":[{"count":2,"href":"http:\/\/blog.cuentoslossilos.es\/index.php?rest_route=\/wp\/v2\/posts\/653\/revisions"}],"predecessor-version":[{"id":664,"href":"http:\/\/blog.cuentoslossilos.es\/index.php?rest_route=\/wp\/v2\/posts\/653\/revisions\/664"}],"wp:featuredmedia":[{"embeddable":true,"href":"http:\/\/blog.cuentoslossilos.es\/index.php?rest_route=\/wp\/v2\/media\/655"}],"wp:attachment":[{"href":"http:\/\/blog.cuentoslossilos.es\/index.php?rest_route=%2Fwp%2Fv2%2Fmedia&parent=653"}],"wp:term":[{"taxonomy":"category","embeddable":true,"href":"http:\/\/blog.cuentoslossilos.es\/index.php?rest_route=%2Fwp%2Fv2%2Fcategories&post=653"},{"taxonomy":"post_tag","embeddable":true,"href":"http:\/\/blog.cuentoslossilos.es\/index.php?rest_route=%2Fwp%2Fv2%2Ftags&post=653"}],"curies":[{"name":"wp","href":"https:\/\/api.w.org\/{rel}","templated":true}]}}