{"id":697,"date":"2018-12-05T15:48:35","date_gmt":"2018-12-05T15:48:35","guid":{"rendered":"http:\/\/blog.cuentoslossilos.es\/?p=697"},"modified":"2021-04-13T08:38:39","modified_gmt":"2021-04-13T08:38:39","slug":"la-naturaleza-toma-el-protagonismo-este-jueves-6-en-el-festival-del-aire","status":"publish","type":"post","link":"http:\/\/blog.cuentoslossilos.es\/?p=697","title":{"rendered":"La naturaleza toma el protagonismo este jueves 6 en el Festival del aire"},"content":{"rendered":"<p><strong><span style=\"vertical-align: inherit;\"><span style=\"vertical-align: inherit;\">El Festival Internacional del Cuento es un espect\u00e1culo en las charcas de Erjos, y se repite en Pina y la monta\u00f1a de Aregume<\/span><\/span><\/strong><\/p>\n<p><span style=\"vertical-align: inherit;\"><span style=\"vertical-align: inherit;\">El segundo d\u00eda del Festival Internacional del Cuento de Los Silos 2018 tiene en su programaci\u00f3n importantes novedades con lugares emblem\u00e1ticos del municipio. <\/span><span style=\"vertical-align: inherit;\">Entre ellas, los espacios abiertos, la plena consonancia con el aire, la tem\u00e1tica de este a\u00f1o.<\/span><\/span><!--more--><\/p>\n<p><span style=\"vertical-align: inherit;\"><span style=\"vertical-align: inherit;\">Alrededor de 60 actos conforman el programa de este jueves 6, d\u00eda festivo nacional. <\/span><span style=\"vertical-align: inherit;\">Una de las grandes apuestas ser\u00e1n los cuentos de los personajes. <\/span><\/span><em><span style=\"vertical-align: inherit;\"><span style=\"vertical-align: inherit;\">La<\/span><\/span><\/em><span style=\"vertical-align: inherit;\"><span style=\"vertical-align: inherit;\"> historia de Andr\u00e9s Gonz\u00e1lez Novoa con la ornitolog\u00eda de la mano del gerente de observaci\u00f3n de aves canarias, Juan Jos\u00e9 Ramos Melo. <\/span><span style=\"vertical-align: inherit;\">A 1030 metros sobre el nivel del mar, ser\u00e1 el espect\u00e1culo contado a m\u00e1s altitud de toda la historia del Festival.<\/span><\/span><\/p>\n<div id='gallery-1' class='gallery galleryid-697 gallery-columns-1 gallery-size-large'><figure class='gallery-item'>\n\t\t\t<div class='gallery-icon landscape'>\n\t\t\t\t<a href='http:\/\/blog.cuentoslossilos.es\/?attachment_id=699'><img width=\"640\" height=\"373\" src=\"http:\/\/blog.cuentoslossilos.es\/wp-content\/uploads\/2018\/12\/cuentos-pina-1024x596.jpg\" class=\"attachment-large size-large\" alt=\"\" loading=\"lazy\" srcset=\"http:\/\/blog.cuentoslossilos.es\/wp-content\/uploads\/2018\/12\/cuentos-pina-1024x596.jpg 1024w, http:\/\/blog.cuentoslossilos.es\/wp-content\/uploads\/2018\/12\/cuentos-pina-300x175.jpg 300w, http:\/\/blog.cuentoslossilos.es\/wp-content\/uploads\/2018\/12\/cuentos-pina-768x447.jpg 768w, http:\/\/blog.cuentoslossilos.es\/wp-content\/uploads\/2018\/12\/cuentos-pina-1200x699.jpg 1200w\" sizes=\"(max-width: 640px) 100vw, 640px\" \/><\/a>\n\t\t\t<\/div><\/figure>\n\t\t<\/div>\n\n<p><span style=\"vertical-align: inherit;\"><span style=\"vertical-align: inherit;\">Otro activo ser\u00e1 la zona natural de pi\u00f1a. <\/span><span style=\"vertical-align: inherit;\">La organizaci\u00f3n vuelve a apostar en este a\u00f1o por la literatura y la m\u00fasica a los pies del macizo de Teno con una tem\u00e1tica claramente canaria. <\/span><span style=\"vertical-align: inherit;\">Ernesto Rodr\u00edguez Abad y Cristina Calvo pondr\u00e1n narraci\u00f3n y canto conjugados con el salto del pastor, el silbo gomero y el acompa\u00f1amiento musical. <\/span><span style=\"vertical-align: inherit;\">Tambi\u00e9n repiten los cuentos en la cueva de Eufrasio, en la monta\u00f1a de Aregume, desde donde se divisa gran parte de la Isla Baja.<\/span><\/span><\/p>\n<p><span style=\"vertical-align: inherit;\"><span style=\"vertical-align: inherit;\">Este jueves habr\u00e1 otras novedades como los libros en bibliotecas particulares, dentro de la apuesta del Festival por las sesiones para p\u00fablico s\u00faper reducido. <\/span><span style=\"vertical-align: inherit;\">En el mismo sentido repiten los <\/span><\/span><em><span style=\"vertical-align: inherit;\"><span style=\"vertical-align: inherit;\">Zaguanes para guitarra y cuentos<\/span><\/span><\/em><span style=\"vertical-align: inherit;\"><span style=\"vertical-align: inherit;\"> . <\/span><span style=\"vertical-align: inherit;\">Tambi\u00e9n tenemos terror para ni\u00f1os y adultos, desayunos y fotos de cuentos, charlas, cuentos para beb\u00e9s, presentaciones de libros o teatro, cerrando la noche con la literatura literaria en el patio del exconvento de San Sebasti\u00e1n y la <\/span><\/span><em><span style=\"vertical-align: inherit;\"><span style=\"vertical-align: inherit;\">Guagua de escritores<\/span><\/span><\/em><span style=\"vertical-align: inherit;\"><span style=\"vertical-align: inherit;\"> en el Espacio TITSA .<\/span><\/span><\/p>\n<p><span style=\"vertical-align: inherit;\"><span style=\"vertical-align: inherit;\">En cuanto a las sesiones de cuentos en salas, actuar\u00e1 para el p\u00fablico familiar el mexicano Marconio, el madrile\u00f1o H\u00e9ctor Uri\u00e9n y el tinerfe\u00f1o Andr\u00e9s Gonz\u00e1lez Novoa. <\/span><span style=\"vertical-align: inherit;\">Para el p\u00fablico adulto contamos cuentos el colombiano Nelson Calder\u00f3n, la finlandesa Ulla Suokko, nuevamente Marconio y la japonesa Yoshi Hoki.<\/span><\/span><\/p>\n","protected":false},"excerpt":{"rendered":"<p>El Festival Internacional del Cuento es un espect\u00e1culo en las charcas de Erjos, y se repite en Pina y la monta\u00f1a de Aregume El segundo d\u00eda del Festival Internacional del Cuento de Los Silos 2018 tiene en su programaci\u00f3n importantes novedades con lugares emblem\u00e1ticos del municipio. Entre ellas, los espacios abiertos, la plena consonancia con [&hellip;]<\/p>\n","protected":false},"author":5,"featured_media":698,"comment_status":"closed","ping_status":"open","sticky":false,"template":"","format":"standard","meta":[],"categories":[6,3],"tags":[141],"_links":{"self":[{"href":"http:\/\/blog.cuentoslossilos.es\/index.php?rest_route=\/wp\/v2\/posts\/697"}],"collection":[{"href":"http:\/\/blog.cuentoslossilos.es\/index.php?rest_route=\/wp\/v2\/posts"}],"about":[{"href":"http:\/\/blog.cuentoslossilos.es\/index.php?rest_route=\/wp\/v2\/types\/post"}],"author":[{"embeddable":true,"href":"http:\/\/blog.cuentoslossilos.es\/index.php?rest_route=\/wp\/v2\/users\/5"}],"replies":[{"embeddable":true,"href":"http:\/\/blog.cuentoslossilos.es\/index.php?rest_route=%2Fwp%2Fv2%2Fcomments&post=697"}],"version-history":[{"count":2,"href":"http:\/\/blog.cuentoslossilos.es\/index.php?rest_route=\/wp\/v2\/posts\/697\/revisions"}],"predecessor-version":[{"id":707,"href":"http:\/\/blog.cuentoslossilos.es\/index.php?rest_route=\/wp\/v2\/posts\/697\/revisions\/707"}],"wp:featuredmedia":[{"embeddable":true,"href":"http:\/\/blog.cuentoslossilos.es\/index.php?rest_route=\/wp\/v2\/media\/698"}],"wp:attachment":[{"href":"http:\/\/blog.cuentoslossilos.es\/index.php?rest_route=%2Fwp%2Fv2%2Fmedia&parent=697"}],"wp:term":[{"taxonomy":"category","embeddable":true,"href":"http:\/\/blog.cuentoslossilos.es\/index.php?rest_route=%2Fwp%2Fv2%2Fcategories&post=697"},{"taxonomy":"post_tag","embeddable":true,"href":"http:\/\/blog.cuentoslossilos.es\/index.php?rest_route=%2Fwp%2Fv2%2Ftags&post=697"}],"curies":[{"name":"wp","href":"https:\/\/api.w.org\/{rel}","templated":true}]}}