{"id":701,"date":"2018-12-05T19:00:41","date_gmt":"2018-12-05T19:00:41","guid":{"rendered":"http:\/\/blog.cuentoslossilos.es\/?p=701"},"modified":"2021-04-13T08:38:33","modified_gmt":"2021-04-13T08:38:33","slug":"los-silos-ya-tiene-sus-callejones-literarios","status":"publish","type":"post","link":"http:\/\/blog.cuentoslossilos.es\/?p=701","title":{"rendered":"Los Silos ya tiene sus callejones literarios"},"content":{"rendered":"<p><strong>El casco del municipio cuenta con el primer distintivo f\u00edsico y permanente del Festival Internacional del Cuento<\/strong><\/p>\n<p>El Festival Internacional del Cuento de Los Silos ya ha dejado una impronta f\u00edsica y permanente de su relevancia en el municipio. Desde este mi\u00e9rcoles, 5 de diciembre, el casco hist\u00f3rico de la localidad cuenta con cuatro \u201ccallejones literarios\u201d.<!--more--><\/p>\n<p>Coincidiendo con la inauguraci\u00f3n de la XXIII edici\u00f3n del Festival, la organizaci\u00f3n, con la colaboraci\u00f3n del Ayuntamiento de Los Silos, han colocado fragmentos de cuentos con sus respectivas ilustraciones en los callejones de Aregume, Doctor Jord\u00e1n y en los dos tramos de El Chorro.<\/p>\n<div id='gallery-1' class='gallery galleryid-701 gallery-columns-1 gallery-size-large'><figure class='gallery-item'>\n\t\t\t<div class='gallery-icon landscape'>\n\t\t\t\t<a href='http:\/\/blog.cuentoslossilos.es\/?attachment_id=703'><img width=\"640\" height=\"427\" src=\"http:\/\/blog.cuentoslossilos.es\/wp-content\/uploads\/2018\/12\/callejones-literarios-2-1024x683.jpg\" class=\"attachment-large size-large\" alt=\"\" loading=\"lazy\" srcset=\"http:\/\/blog.cuentoslossilos.es\/wp-content\/uploads\/2018\/12\/callejones-literarios-2-1024x683.jpg 1024w, http:\/\/blog.cuentoslossilos.es\/wp-content\/uploads\/2018\/12\/callejones-literarios-2-300x200.jpg 300w, http:\/\/blog.cuentoslossilos.es\/wp-content\/uploads\/2018\/12\/callejones-literarios-2-768x512.jpg 768w, http:\/\/blog.cuentoslossilos.es\/wp-content\/uploads\/2018\/12\/callejones-literarios-2-1200x800.jpg 1200w\" sizes=\"(max-width: 640px) 100vw, 640px\" \/><\/a>\n\t\t\t<\/div><\/figure>\n\t\t<\/div>\n\n<p>Los azulejos con textos de Ana Mar\u00eda Matute (<em>Los ni\u00f1os tontos<\/em>), Mar\u00eda Teresa Andruetto (<em>Hab\u00eda una vez<\/em>), Andr\u00e9 Neves (<em>Tono<\/em>), Cecilia Dom\u00ednguez (<em>Mientras maduran las <\/em>naranjas), Benigno Le\u00f3n Felipe y Ernesto Rodr\u00edguez Abad (<em>Quijote<\/em>) ya son parte del paisaje urbano de Los Silos. Cada uno de ellos cuenta con su ilustraci\u00f3n correspondiente, la misma que ha servido de acompa\u00f1amiento en sus publicaciones. En este caso, han dejado su firma Antonio Santos, el propio Andr\u00e9 Neves, Patricia Delgado, Luis San Vicente y Noem\u00ed Villamuza, respectivamente. Tanto los escritores como los ilustradores han formado parte de la historia del Festival del Cuento al haber asistido como invitados en una o m\u00e1s ocasiones, incluso, elaborando el cartel anunciador.<\/p>\n<p>Todos los textos poseen una gran calidad, con firmas de galardonadas con el Premio Cervantes (Ana Mar\u00eda Matute), Premio Hans Christian Andersen (Mar\u00eda Teresa Andruetto) y Premio Canarias de Literatura (Cecilia Dom\u00ednguez). Particularmente significativo es el caso de Dom\u00ednguez, cuyo fragmento corresponde al libro <em>Mientras maduran las naranjas<\/em>, con una referencia expl\u00edcita al pueblo de Los Silos y cuyo azulejo ha sido colocado en el lateral de la vivienda donde transcurre gran parte de la historia.<\/p>\n<div id='gallery-2' class='gallery galleryid-701 gallery-columns-1 gallery-size-large'><figure class='gallery-item'>\n\t\t\t<div class='gallery-icon landscape'>\n\t\t\t\t<a href='http:\/\/blog.cuentoslossilos.es\/?attachment_id=704'><img width=\"640\" height=\"427\" src=\"http:\/\/blog.cuentoslossilos.es\/wp-content\/uploads\/2018\/12\/callejones-literarios-6-1024x683.jpg\" class=\"attachment-large size-large\" alt=\"\" loading=\"lazy\" srcset=\"http:\/\/blog.cuentoslossilos.es\/wp-content\/uploads\/2018\/12\/callejones-literarios-6-1024x683.jpg 1024w, http:\/\/blog.cuentoslossilos.es\/wp-content\/uploads\/2018\/12\/callejones-literarios-6-300x200.jpg 300w, http:\/\/blog.cuentoslossilos.es\/wp-content\/uploads\/2018\/12\/callejones-literarios-6-768x512.jpg 768w, http:\/\/blog.cuentoslossilos.es\/wp-content\/uploads\/2018\/12\/callejones-literarios-6-1200x800.jpg 1200w\" sizes=\"(max-width: 640px) 100vw, 640px\" \/><\/a>\n\t\t\t<\/div><\/figure>\n\t\t<\/div>\n\n<p>El director del Festival Internacional del Cuento de Los Silos, Ernesto Rodr\u00edguez Abad, habla de \u201cun sue\u00f1o cumplido\u201d. \u201cPor fin conseguimos que el Festival cuente con una serie de elementos f\u00edsicos y duraderos en el tiempo que visibilicen que Los Silos es el pueblo de los cuentos durante todo el a\u00f1o, no solo en diciembre\u201d, manifiesta. De igual manera, agradece al \u00c1rea de Cultura, en la persona de la concejala Carmen Luz Baso, la \u201ccolaboraci\u00f3n indispensable prestada para que este sue\u00f1o se haga realidad\u201d.<\/p>\n","protected":false},"excerpt":{"rendered":"<p>El casco del municipio cuenta con el primer distintivo f\u00edsico y permanente del Festival Internacional del Cuento El Festival Internacional del Cuento de Los Silos ya ha dejado una impronta f\u00edsica y permanente de su relevancia en el municipio. Desde este mi\u00e9rcoles, 5 de diciembre, el casco hist\u00f3rico de la localidad cuenta con cuatro \u201ccallejones [&hellip;]<\/p>\n","protected":false},"author":5,"featured_media":702,"comment_status":"closed","ping_status":"open","sticky":false,"template":"","format":"standard","meta":[],"categories":[6,5,3],"tags":[152,154,156,155,151,123,12,141,158,153,159,157],"_links":{"self":[{"href":"http:\/\/blog.cuentoslossilos.es\/index.php?rest_route=\/wp\/v2\/posts\/701"}],"collection":[{"href":"http:\/\/blog.cuentoslossilos.es\/index.php?rest_route=\/wp\/v2\/posts"}],"about":[{"href":"http:\/\/blog.cuentoslossilos.es\/index.php?rest_route=\/wp\/v2\/types\/post"}],"author":[{"embeddable":true,"href":"http:\/\/blog.cuentoslossilos.es\/index.php?rest_route=\/wp\/v2\/users\/5"}],"replies":[{"embeddable":true,"href":"http:\/\/blog.cuentoslossilos.es\/index.php?rest_route=%2Fwp%2Fv2%2Fcomments&post=701"}],"version-history":[{"count":2,"href":"http:\/\/blog.cuentoslossilos.es\/index.php?rest_route=\/wp\/v2\/posts\/701\/revisions"}],"predecessor-version":[{"id":706,"href":"http:\/\/blog.cuentoslossilos.es\/index.php?rest_route=\/wp\/v2\/posts\/701\/revisions\/706"}],"wp:featuredmedia":[{"embeddable":true,"href":"http:\/\/blog.cuentoslossilos.es\/index.php?rest_route=\/wp\/v2\/media\/702"}],"wp:attachment":[{"href":"http:\/\/blog.cuentoslossilos.es\/index.php?rest_route=%2Fwp%2Fv2%2Fmedia&parent=701"}],"wp:term":[{"taxonomy":"category","embeddable":true,"href":"http:\/\/blog.cuentoslossilos.es\/index.php?rest_route=%2Fwp%2Fv2%2Fcategories&post=701"},{"taxonomy":"post_tag","embeddable":true,"href":"http:\/\/blog.cuentoslossilos.es\/index.php?rest_route=%2Fwp%2Fv2%2Ftags&post=701"}],"curies":[{"name":"wp","href":"https:\/\/api.w.org\/{rel}","templated":true}]}}