{"id":708,"date":"2018-12-07T08:00:03","date_gmt":"2018-12-07T08:00:03","guid":{"rendered":"http:\/\/blog.cuentoslossilos.es\/?p=708"},"modified":"2021-04-13T08:38:27","modified_gmt":"2021-04-13T08:38:27","slug":"el-cielo-de-los-silos-se-ve-y-se-escucha-en-el-festival-internacional-del-cuento","status":"publish","type":"post","link":"http:\/\/blog.cuentoslossilos.es\/?p=708","title":{"rendered":"El cielo de Los Silos se ve y se escucha en el Festival Internacional del Cuento"},"content":{"rendered":"<p><strong>Una treintena de actuaciones llenan el mi\u00e9rcoles 7<\/strong><strong>\u00a0el municipio<\/strong><\/p>\n<p>El Festival Internacional del Cuento sorprende en su tercera jornada con el espect\u00e1culo <em>El cielo de Los Silos<\/em>. Este viernes, 7 de diciembre, las afueras del casco hist\u00f3rico ser\u00e1n el escenario para observar las estrellas y los planetas como nunca antes se hab\u00eda hecho.<!--more--><\/p>\n<p>La literatura, la m\u00fasica y la astronom\u00eda se dar\u00e1n la mano en dos sesiones nocturnas, a las 21:00 y a las 22:00 horas. Los cuentos de Ernesto Rodr\u00edguez Abad, la m\u00fasica de Juanma Moreno y las explicaciones del ge\u00f3grafo Aar\u00f3n Rodr\u00edguez se conjugar\u00e1n para que el p\u00fablico aprecie la riqueza del cielo silense y los cuerpos celestes que desde el municipio pueden observarse en diferentes \u00e9pocas del a\u00f1o.<\/p>\n<p>Una treintena de espect\u00e1culos se desarrollar\u00e1n durante toda la jornada en el Festival. Por la ma\u00f1ana y por la tarde habr\u00e1 talleres, teatro y cuentos para familias en el entorno de la plaza de la Luz.<\/p>\n<p>A las 14:00 horas, el vasco I\u00f1aki Carretero participar\u00e1 en el novedoso <em>Picnic de cuentos<\/em> en las afueras del pueblo. Por la tarde seguir\u00e1n las sesiones \u00edntimas con los <em>Tresillos de cuentos<\/em> en diferentes casas de la localidad. Habr\u00e1 oportunidad de merendar con Ulla Suokko (Finlandia), Yolanda Reyes (Colombia), Noem\u00ed Villamuza (Palencia), Marconio (M\u00e9xico) o Nelson Calder\u00f3n (Colombia).<\/p>\n<p>A las 18:00 horas repiten los cuentos interpretados en lengua de signos espa\u00f1ola a cargo de Cyranas en <em>Alas para \u00cdcaro<\/em>. A la misma hora, el director del festival jienense M\u00fasica en Segura, Daniel Broncano, participar\u00e1 junto con Ernesto Rodr\u00edguez Abad en <em>Melod\u00edas al atardecer<\/em>.<\/p>\n<p>Las sesiones oficiales para p\u00fablico familiar tendr\u00e1n la voz de Yoshi Hoki (Jap\u00f3n), Kate Corkery (Irlanda) y H\u00e9ctor Ruiz Verde (Tenerife). Para el p\u00fablico adulto actuar\u00e1n a las 21:00 horas Marconio (M\u00e9xico), Ulla Suokko (Finlandia) y\u00a0H\u00e9ctor Uri\u00e9n (Madrid).<\/p>\n<p>Una noche m\u00e1s, <em>Arteterror<\/em> copar\u00e1 la atenci\u00f3n con dos pases,\u00a0a las 22:30 y a las 24:00 horas en las piscinas municipales. Tambi\u00e9n a la medianoche, Ernesto Rodr\u00edguez Abad actuar\u00e1 en la <em>Guagua de escritores<\/em>.<\/p>\n<p><img loading=\"lazy\" class=\"alignnone size-medium wp-image-711\" src=\"http:\/\/blog.cuentoslossilos.es\/wp-content\/uploads\/2018\/12\/guagua-ernesto-rguez-abad-225x300.jpg\" alt=\"\" width=\"225\" height=\"300\" srcset=\"http:\/\/blog.cuentoslossilos.es\/wp-content\/uploads\/2018\/12\/guagua-ernesto-rguez-abad-225x300.jpg 225w, http:\/\/blog.cuentoslossilos.es\/wp-content\/uploads\/2018\/12\/guagua-ernesto-rguez-abad-768x1024.jpg 768w, http:\/\/blog.cuentoslossilos.es\/wp-content\/uploads\/2018\/12\/guagua-ernesto-rguez-abad.jpg 900w\" sizes=\"(max-width: 225px) 100vw, 225px\" \/><img loading=\"lazy\" class=\"size-medium wp-image-710 alignleft\" src=\"http:\/\/blog.cuentoslossilos.es\/wp-content\/uploads\/2018\/12\/cuentos-en-Pina-300x224.jpg\" alt=\"\" width=\"300\" height=\"224\" srcset=\"http:\/\/blog.cuentoslossilos.es\/wp-content\/uploads\/2018\/12\/cuentos-en-Pina-300x224.jpg 300w, http:\/\/blog.cuentoslossilos.es\/wp-content\/uploads\/2018\/12\/cuentos-en-Pina-768x575.jpg 768w, http:\/\/blog.cuentoslossilos.es\/wp-content\/uploads\/2018\/12\/cuentos-en-Pina-1024x766.jpg 1024w, http:\/\/blog.cuentoslossilos.es\/wp-content\/uploads\/2018\/12\/cuentos-en-Pina-1200x898.jpg 1200w, http:\/\/blog.cuentoslossilos.es\/wp-content\/uploads\/2018\/12\/cuentos-en-Pina.jpg 2048w\" sizes=\"(max-width: 300px) 100vw, 300px\" \/><\/p>\n","protected":false},"excerpt":{"rendered":"<p>Una treintena de actuaciones llenan el mi\u00e9rcoles 7\u00a0el municipio El Festival Internacional del Cuento sorprende en su tercera jornada con el espect\u00e1culo El cielo de Los Silos. Este viernes, 7 de diciembre, las afueras del casco hist\u00f3rico ser\u00e1n el escenario para observar las estrellas y los planetas como nunca antes se hab\u00eda hecho.<\/p>\n","protected":false},"author":4,"featured_media":709,"comment_status":"closed","ping_status":"open","sticky":false,"template":"","format":"standard","meta":[],"categories":[6,3],"tags":[168,117,12,137,165,160,145,167,164,163,159,162,166,161],"_links":{"self":[{"href":"http:\/\/blog.cuentoslossilos.es\/index.php?rest_route=\/wp\/v2\/posts\/708"}],"collection":[{"href":"http:\/\/blog.cuentoslossilos.es\/index.php?rest_route=\/wp\/v2\/posts"}],"about":[{"href":"http:\/\/blog.cuentoslossilos.es\/index.php?rest_route=\/wp\/v2\/types\/post"}],"author":[{"embeddable":true,"href":"http:\/\/blog.cuentoslossilos.es\/index.php?rest_route=\/wp\/v2\/users\/4"}],"replies":[{"embeddable":true,"href":"http:\/\/blog.cuentoslossilos.es\/index.php?rest_route=%2Fwp%2Fv2%2Fcomments&post=708"}],"version-history":[{"count":3,"href":"http:\/\/blog.cuentoslossilos.es\/index.php?rest_route=\/wp\/v2\/posts\/708\/revisions"}],"predecessor-version":[{"id":730,"href":"http:\/\/blog.cuentoslossilos.es\/index.php?rest_route=\/wp\/v2\/posts\/708\/revisions\/730"}],"wp:featuredmedia":[{"embeddable":true,"href":"http:\/\/blog.cuentoslossilos.es\/index.php?rest_route=\/wp\/v2\/media\/709"}],"wp:attachment":[{"href":"http:\/\/blog.cuentoslossilos.es\/index.php?rest_route=%2Fwp%2Fv2%2Fmedia&parent=708"}],"wp:term":[{"taxonomy":"category","embeddable":true,"href":"http:\/\/blog.cuentoslossilos.es\/index.php?rest_route=%2Fwp%2Fv2%2Fcategories&post=708"},{"taxonomy":"post_tag","embeddable":true,"href":"http:\/\/blog.cuentoslossilos.es\/index.php?rest_route=%2Fwp%2Fv2%2Ftags&post=708"}],"curies":[{"name":"wp","href":"https:\/\/api.w.org\/{rel}","templated":true}]}}