{"id":743,"date":"2018-12-08T11:28:35","date_gmt":"2018-12-08T11:28:35","guid":{"rendered":"http:\/\/blog.cuentoslossilos.es\/?p=743"},"modified":"2021-04-13T08:38:08","modified_gmt":"2021-04-13T08:38:08","slug":"el-pfae-los-silos-cultural-parte-fundamental-del-festival-internacional-del-cuento","status":"publish","type":"post","link":"http:\/\/blog.cuentoslossilos.es\/?p=743","title":{"rendered":"El PFAE Los Silos Cultural, parte fundamental del Festival Internacional del Cuento"},"content":{"rendered":"<p><strong>La XXIII edici\u00f3n del Festival Internacional del Cuento de Los Silos recibe la colaboraci\u00f3n de 13 alumnos del Programa de Formaci\u00f3n en Alternancia con el Empleo<\/strong><\/p>\n<p>El Programa de Formaci\u00f3n en Alternancia con el Empleo (PFAE) Los Silos Cultural participa esta semana en el desarrollo de la XXIII Edici\u00f3n del Festival Internacional del Cuento de los Silos 2018. Esta iniciativa, en la que participan 13 alumnos-trabajadores, tiene como objetivo ampliar y mejorar la actividad cultural del municipio norte\u00f1o, dinamizando proyectos de animaci\u00f3n con las redes asociativas culturales locales y fomentando la participaci\u00f3n de estos con la ciudadan\u00eda.<\/p>\n<p><!--more--><\/p>\n<p><img loading=\"lazy\" class=\"alignnone wp-image-744\" src=\"http:\/\/blog.cuentoslossilos.es\/wp-content\/uploads\/2018\/12\/IMG-20181207-WA0142-300x167.jpg\" alt=\"\" width=\"571\" height=\"318\" srcset=\"http:\/\/blog.cuentoslossilos.es\/wp-content\/uploads\/2018\/12\/IMG-20181207-WA0142-300x167.jpg 300w, http:\/\/blog.cuentoslossilos.es\/wp-content\/uploads\/2018\/12\/IMG-20181207-WA0142-768x428.jpg 768w, http:\/\/blog.cuentoslossilos.es\/wp-content\/uploads\/2018\/12\/IMG-20181207-WA0142-1024x571.jpg 1024w, http:\/\/blog.cuentoslossilos.es\/wp-content\/uploads\/2018\/12\/IMG-20181207-WA0142-1200x669.jpg 1200w, http:\/\/blog.cuentoslossilos.es\/wp-content\/uploads\/2018\/12\/IMG-20181207-WA0142.jpg 1592w\" sizes=\"(max-width: 571px) 100vw, 571px\" \/><\/p>\n<p>En concreto, este proyecto busca la mejora de la ocupabilidad de las personas de m\u00e1s de treinta a\u00f1os. Danelli Cubas, directora de esta iniciativa, expresa que la colaboraci\u00f3n con el Festival Internacional del Cuento de Los Silos figura en la memoria del proyecto: \u201cHay unos servicios establecidos y uno de ellos era la colaboraci\u00f3n en este evento\u201d.<\/p>\n<p>Antes del 5 de diciembre, el grupo colaboraba con las visitas guiadas de los escolares. Una vez ya inaugurado el Festival, el equipo realiza funciones de regidur\u00eda, de apoyo a la regidur\u00eda y de producci\u00f3n en los diferentes puntos del municipio en los que se desarrolla el programa.<\/p>\n<p><img loading=\"lazy\" class=\"alignnone wp-image-745\" src=\"http:\/\/blog.cuentoslossilos.es\/wp-content\/uploads\/2018\/12\/IMG-20181207-WA0140-300x225.jpg\" alt=\"\" width=\"555\" height=\"416\" srcset=\"http:\/\/blog.cuentoslossilos.es\/wp-content\/uploads\/2018\/12\/IMG-20181207-WA0140-300x225.jpg 300w, http:\/\/blog.cuentoslossilos.es\/wp-content\/uploads\/2018\/12\/IMG-20181207-WA0140-768x576.jpg 768w, http:\/\/blog.cuentoslossilos.es\/wp-content\/uploads\/2018\/12\/IMG-20181207-WA0140-1024x768.jpg 1024w, http:\/\/blog.cuentoslossilos.es\/wp-content\/uploads\/2018\/12\/IMG-20181207-WA0140-1200x900.jpg 1200w, http:\/\/blog.cuentoslossilos.es\/wp-content\/uploads\/2018\/12\/IMG-20181207-WA0140.jpg 1600w\" sizes=\"(max-width: 555px) 100vw, 555px\" \/><\/p>\n<p>Candelaria Socas, alumna del PFAE Los Silos Cultural, asegura que participar en este evento es \u201cuna propuesta interesant\u00edsima, ya que es una manera de vivir lo que vamos a encontrar en el mundo laboral\u201d. Asimismo, destaca que esta es una oportunidad para conocer a los narradores y de ganar experiencia en su \u00e1mbito de especializaci\u00f3n.<\/p>\n<p>Por su parte, Ricardo Gonz\u00e1lez, miembro del alumnado, recalca que no es lo mismo la teor\u00eda que la pr\u00e1ctica: \u201cAqu\u00ed se distinguen peque\u00f1os detalles que no se ven en las clases\u201d. Gonz\u00e1lez define la experiencia como \u201cimpresionante\u201d y destaca la incentivaci\u00f3n a la lectura como uno de los pilares principales del Festival. Asimismo, expresa que \u201clos decorados naturales de la Isla Baja y, en concreto de Los Silos, forman una parte importante de las historias que se narran durante el evento\u201d.<\/p>\n<p>El equipo encargado de la formaci\u00f3n de los trabajadores est\u00e1 compuesto por la propia Cubas, los docentes Andr\u00e9s Lorenzo y Leoncio Gonz\u00e1lez y la administrativa de la unidad Mar\u00eda Candelaria Garc\u00eda. El PFAE los Silos Cultural es una actividad formativa promovida por el Ayuntamiento de Los Silos y financiada por el Servicio Canario de Empleo. Tras completar toda su formaci\u00f3n, el alumnado recibir\u00e1 un certificado de profesionalidad de nivel 3 en Gesti\u00f3n Cultural.<\/p>\n<p><img loading=\"lazy\" class=\"alignnone wp-image-748\" src=\"http:\/\/blog.cuentoslossilos.es\/wp-content\/uploads\/2018\/12\/IMG-20181207-WA0137-300x225.jpg\" alt=\"\" width=\"588\" height=\"441\" srcset=\"http:\/\/blog.cuentoslossilos.es\/wp-content\/uploads\/2018\/12\/IMG-20181207-WA0137-300x225.jpg 300w, http:\/\/blog.cuentoslossilos.es\/wp-content\/uploads\/2018\/12\/IMG-20181207-WA0137-768x576.jpg 768w, http:\/\/blog.cuentoslossilos.es\/wp-content\/uploads\/2018\/12\/IMG-20181207-WA0137-1024x768.jpg 1024w, http:\/\/blog.cuentoslossilos.es\/wp-content\/uploads\/2018\/12\/IMG-20181207-WA0137-1200x900.jpg 1200w, http:\/\/blog.cuentoslossilos.es\/wp-content\/uploads\/2018\/12\/IMG-20181207-WA0137.jpg 1600w\" sizes=\"(max-width: 588px) 100vw, 588px\" \/><\/p>\n<p>Otro de los miembros de este grupo, Miguel \u00c1ngel Gonz\u00e1lez, asevera que sinti\u00f3 una gran responsabilidad cuando se enter\u00f3 de la participaci\u00f3n en esta edici\u00f3n. \u201cNo siempre se puede estar dentro de un evento de este calibre\u201d, expresa el silense. Adem\u00e1s, recalca la importancia del contacto con todas las personas que hacen el Festival: \u201cPuedes aprender un poco de todos\u201d. Gonz\u00e1lez sentencia que esta es una manera de continuar con su formaci\u00f3n ya que, para \u00e9l, \u201crefuerzas la teor\u00eda y mejoras la pr\u00e1ctica\u201d.<\/p>\n<p>Por su parte, Ernesto Rodr\u00edguez Abad, director del Festival Internacional de Cuento de Los Silos, agradece la participaci\u00f3n de este grupo caracterizado por su gran voluntad y afirma \u201cest\u00e1n aportando trabajo, alegr\u00eda y seriedad al evento. Gracias al PFAE por estar al lado nuestro\u201d.<\/p>\n<p><img loading=\"lazy\" class=\"alignnone wp-image-746\" src=\"http:\/\/blog.cuentoslossilos.es\/wp-content\/uploads\/2018\/12\/IMG-20181207-WA0139-300x225.jpg\" alt=\"\" width=\"540\" height=\"405\" srcset=\"http:\/\/blog.cuentoslossilos.es\/wp-content\/uploads\/2018\/12\/IMG-20181207-WA0139-300x225.jpg 300w, http:\/\/blog.cuentoslossilos.es\/wp-content\/uploads\/2018\/12\/IMG-20181207-WA0139-768x576.jpg 768w, http:\/\/blog.cuentoslossilos.es\/wp-content\/uploads\/2018\/12\/IMG-20181207-WA0139-1024x768.jpg 1024w, http:\/\/blog.cuentoslossilos.es\/wp-content\/uploads\/2018\/12\/IMG-20181207-WA0139-1200x901.jpg 1200w, http:\/\/blog.cuentoslossilos.es\/wp-content\/uploads\/2018\/12\/IMG-20181207-WA0139.jpg 1599w\" sizes=\"(max-width: 540px) 100vw, 540px\" \/><\/p>\n","protected":false},"excerpt":{"rendered":"<p>La XXIII edici\u00f3n del Festival Internacional del Cuento de Los Silos recibe la colaboraci\u00f3n de 13 alumnos del Programa de Formaci\u00f3n en Alternancia con el Empleo El Programa de Formaci\u00f3n en Alternancia con el Empleo (PFAE) Los Silos Cultural participa esta semana en el desarrollo de la XXIII Edici\u00f3n del Festival Internacional del Cuento de [&hellip;]<\/p>\n","protected":false},"author":6,"featured_media":727,"comment_status":"closed","ping_status":"open","sticky":false,"template":"","format":"standard","meta":[],"categories":[6],"tags":[179,180,141,177,176,181,178],"_links":{"self":[{"href":"http:\/\/blog.cuentoslossilos.es\/index.php?rest_route=\/wp\/v2\/posts\/743"}],"collection":[{"href":"http:\/\/blog.cuentoslossilos.es\/index.php?rest_route=\/wp\/v2\/posts"}],"about":[{"href":"http:\/\/blog.cuentoslossilos.es\/index.php?rest_route=\/wp\/v2\/types\/post"}],"author":[{"embeddable":true,"href":"http:\/\/blog.cuentoslossilos.es\/index.php?rest_route=\/wp\/v2\/users\/6"}],"replies":[{"embeddable":true,"href":"http:\/\/blog.cuentoslossilos.es\/index.php?rest_route=%2Fwp%2Fv2%2Fcomments&post=743"}],"version-history":[{"count":3,"href":"http:\/\/blog.cuentoslossilos.es\/index.php?rest_route=\/wp\/v2\/posts\/743\/revisions"}],"predecessor-version":[{"id":759,"href":"http:\/\/blog.cuentoslossilos.es\/index.php?rest_route=\/wp\/v2\/posts\/743\/revisions\/759"}],"wp:featuredmedia":[{"embeddable":true,"href":"http:\/\/blog.cuentoslossilos.es\/index.php?rest_route=\/wp\/v2\/media\/727"}],"wp:attachment":[{"href":"http:\/\/blog.cuentoslossilos.es\/index.php?rest_route=%2Fwp%2Fv2%2Fmedia&parent=743"}],"wp:term":[{"taxonomy":"category","embeddable":true,"href":"http:\/\/blog.cuentoslossilos.es\/index.php?rest_route=%2Fwp%2Fv2%2Fcategories&post=743"},{"taxonomy":"post_tag","embeddable":true,"href":"http:\/\/blog.cuentoslossilos.es\/index.php?rest_route=%2Fwp%2Fv2%2Ftags&post=743"}],"curies":[{"name":"wp","href":"https:\/\/api.w.org\/{rel}","templated":true}]}}