{"id":782,"date":"2018-12-17T12:02:41","date_gmt":"2018-12-17T12:02:41","guid":{"rendered":"http:\/\/blog.cuentoslossilos.es\/?p=782"},"modified":"2021-04-13T08:37:31","modified_gmt":"2021-04-13T08:37:31","slug":"un-cuento-ilustrado-es-una-medicina-concentrada","status":"publish","type":"post","link":"http:\/\/blog.cuentoslossilos.es\/?p=782","title":{"rendered":"\u201cUn cuento ilustrado es una medicina concentrada\u201d"},"content":{"rendered":"<p>Noem\u00ed Villamuza combina las casualidades con la formaci\u00f3n y profesionalidad a lo largo de su vida. Comenz\u00f3 su trayectoria en la Ilustraci\u00f3n en cuarto de Bellas Artes, cuando casualmente decidi\u00f3 cursar una asignatura dedicada a la materia en cuesti\u00f3n. Por casualidad fue elegida por un profesor para ilustrar libros de texto en la Editorial Anaya y una vez m\u00e1s, casualmente, coincidi\u00f3 con el <em>boom <\/em>\u00a0de los libros ilustrados a finales de los noventa, lo que le permiti\u00f3 darse a conocer y presentar su trabajo a muchas editoriales. Su \u00faltima casualidad fue llegar al Festival del Cuento de Los Silos de la mano de Ernesto Rodr\u00edguez Abad en el 2017, y por casualidad, aunque en este caso considero que tuvo m\u00e1s importancia su profesionalidad y validez creativa, se convirti\u00f3 en la autora del cartel del XXIII Festival del Cuento de Los Silos.<\/p>\n<p>Pese a ser una entrevista pactada que el blog del Festival demandaba, fue casualidad encontrarnos con unas respuestas brillantes y emocionales, siendo m\u00e1s que una entrevista una charla entre conocidos sobre la Ilustraci\u00f3n y el Festival.<\/p>\n<p><!--more--><\/p>\n<p><strong>\u00bfQu\u00e9 tal ha sido su experiencia en el Festival? \u00bfQu\u00e9 es lo que siente al estar aqu\u00ed?<\/strong><\/p>\n<p>Este a\u00f1o confirmo lo que sent\u00eda el a\u00f1o pasado, pens\u00e9 que lo de la edici\u00f3n anterior ser\u00eda una circunstancia excepcional pero ya me he dado cuenta de que es as\u00ed. Ahora que he vuelto a venir compruebo que el Festival es especial y tiene magia.\u00a0 Ten\u00eda un poco de pena porque el a\u00f1o pasado hice un mont\u00f3n de amigos y conoc\u00ed a narradores, escritores y cuentacuentos profesionales que este a\u00f1o no est\u00e1n, pero el Festival lo que hace es abrir puertas a que la gente conozca a diferentes artistas y eso me causaba pena. Cuando me he dado cuenta de que cada a\u00f1o hay gente especial, de calidad y con una manera distinta de contar he tenido que aceptarlo, porque la magia est\u00e1 intacta y aprendes mucho de otras culturas.<\/p>\n<p><strong>\u00bfC\u00f3mo se enfrenta al papel en blanco?<\/strong><\/p>\n<p>Cuando me pongo a trabajar no me siento en blanco porque yo trabajo con textos o guiones de otros. En este caso, para el cartel de Los Silos mi guion era el aire y mi vivencia del a\u00f1o pasado. Ya sab\u00eda que en el cartel ten\u00edan que volar libros, p\u00e1ginas y cuentos, adem\u00e1s de que las protagonistas deb\u00edan ser las lavanderas de Los Silos. Por eso digo que estoy en blanco pero no del todo, porque ya detr\u00e1s tengo una m\u00fasica que es el guion. Yo nunca me torturo sent\u00e1ndome delante del papel, para inspirarme camino, paseo, viajo y busco cosas hasta que voy teniendo los ingredientes necesarios para llevar a cabo la creaci\u00f3n, no me da especial miedo el papel en blanco.<\/p>\n<p><strong>\u00bfCu\u00e1l es el proceso creativo que lleva a cabo cuando realiza un dise\u00f1o?<\/strong><\/p>\n<p>Cada autor tiene un proceso para generar sus ideas, la m\u00eda es fabular mucho, montarme una gran pel\u00edcula mental y elegir m\u00fasicas que me sirvan de banda sonora del proyecto. Es lo que dec\u00eda antes, necesito mis ingredientes, que en el caso del cartel de Los Silos pueden ser aire, viento, pliegues de ropa, seres voladores, una ola, el azul porque es reflejo de mar y cielo. Es pensar en colores, sensaciones y sonidos, es decir, todo lo que acompa\u00f1a a un creador cuando est\u00e1 sentado en su mesa.<\/p>\n<p><strong>\u00bfEn qu\u00e9 se inspir\u00f3 para hacer el cartel?<\/strong><\/p>\n<p>Me inspiran mucho Ernesto y sus charlas, saber cu\u00e1l fue el origen del Festival y lo inspiradora que fue su madre para todo esto como mujer que contaba historias, como amante de los cuentos e incluso como lavandera de Los Silos. Despu\u00e9s de hacer un primer cartel en el que el p\u00fablico de Los Silos volaba, es decir, un abuelo, un ni\u00f1o, una mujer\u2026 no lo ve\u00eda claro y cuando estaba a punto de entregarlo me di cuenta de que no ten\u00eda que ser p\u00fablico de Los Silos, ten\u00eda que hacer un homenaje al origen de los cuentos y uno de los lugares era los lavaderos, donde las mujeres lavaban y contaban historias, donde nace la tradici\u00f3n oral.<\/p>\n<p>Por otro lado, creo que tambi\u00e9n es una manera de dignificar el trabajo femenino, las mujeres que son madres y cr\u00edan a sus hijos regal\u00e1ndoles historias mientras lavan ropa. Todo empez\u00f3 por la placa en honor a las lavanderas que se coloc\u00f3 el a\u00f1o pasado aqu\u00ed en Los Silos, me hizo pensar que ten\u00eda que agradecerles el haber estado aqu\u00ed, me pareci\u00f3 que son unos personajes m\u00e1gicos, mitol\u00f3gicos, personas que a pesar del esfuerzo que les supone lavar y lo pesado que es para el cuerpo, tambi\u00e9n son esp\u00edritus que vuelan y flotan.<\/p>\n<p><strong>\u00bfQu\u00e9 signific\u00f3 para usted que la eligiesen para hacer el cartel?<\/strong><\/p>\n<p>Me pareci\u00f3 un honor, sent\u00ed que me recib\u00edan por la puerta grande. El a\u00f1o pasado hice un cuento de tresillo y unos talleres para familias, ven\u00eda de haber ilustrado el libro \u201cEl Pr\u00edncipe Durmiente\u201d con Ernesto. Cre\u00eda que los carteles del Festival estaban encargados a artistas locales o con alguna particularidad especial y que el Festival decidiese que har\u00eda yo el cartel significaba que este a\u00f1o podr\u00eda volver a estar aqu\u00ed. Estoy s\u00faper agradecida.<\/p>\n<p><strong>\u00bfQu\u00e9 le ha aportado el curso \u201cPoes\u00eda Visual\u201d impartido por usted?<\/strong><\/p>\n<p>Me aporta la posibilidad de escuchar de donde viene la gente a la que le imparto el curso, yo les puedo aportar mis trucos de ilustradora y mi manera de comunicarme visualmente, pero a m\u00ed me sirve mucho saber de d\u00f3nde vienen porque en los talleres hay desde maestros hasta administrativos y padres de ni\u00f1os. Todo el mundo quiere est\u00edmulos nuevos y una mirada diferente de lo que ya ha visto. Les explicas cosas que luego abren un libro ilustrado y lo ven de otra manera. Se trata de darle una vuelta de tuerca y con ojos de imaginaci\u00f3n intentar que descubran nuevos aspectos en un dibujo.<\/p>\n<p><strong>\u00bfQu\u00e9 le aporta hacer las formaciones a universitarios? <\/strong><\/p>\n<p>Siempre salgo sorprendida de la generosidad que tienen los alumnos que acuden a estos cursos, parece que vienen porque son ilustradores casi profesionales y quieren terminar de aprender, pero cada vez m\u00e1s me encuentro con gente que no quiere ser ilustradora, pero que compaginan su vida con los libros ilustrados, es algo para m\u00ed s\u00faper bonito. En los \u00faltimos a\u00f1os ha habido un auge del libro ilustrado, lo consume gente que no tiene hijos y que lo compra para uso propio, creo que los adultos lo utilizan como refugio y medida de evasi\u00f3n.<\/p>\n<p>He conocido a gente que trabaja en animaci\u00f3n a la lectura, mediaci\u00f3n social o atenci\u00f3n a personas con situaciones complicadas. Estar en el sector social y utilizar la ilustraci\u00f3n como una manera de ayudarlas a comunicarse me parece algo muy guay. No es el uso habitual de conocer la vida del ilustrador, sino que ahora hay un inter\u00e9s de conocer la parte m\u00e1s humanista de los libros para despu\u00e9s trabajarlo con otras personas. Es una disciplina que cala en otras profesiones y que tiene algo de terap\u00e9utico. He aprendido el concepto de \u201ccuento terapia\u201d, es un concepto que me encanta porque un cuento realmente es una medicina muy concentrada, se trata de una ense\u00f1anza en pocas palabras y con im\u00e1genes.<\/p>\n<p><strong>\u00bfSe ve el resto de su vida dedic\u00e1ndose a la Ilustraci\u00f3n?<\/strong><\/p>\n<p>Me gusta mucho la formaci\u00f3n, la ilustraci\u00f3n es muy bonita pero muy cansada. Un dibujo requiere de muchas horas, de dejarse la vista, las manos y la espalda y s\u00e9 que cada profesi\u00f3n tiene su trastorno f\u00edsico asociado. Ahora me canso mucho m\u00e1s que antes, no aguanto tantas horas dibujando y mi dibujo es m\u00e1s suelto, sucio y expresivo. Creo que a veces hay un exceso de cuentos y no siempre son necesarios, a veces hay cuentos fr\u00edvolos que no s\u00e9 por qu\u00e9 est\u00e1n en el mercado.<\/p>\n<p>No pienso en hacer libros por hacer o crear ilustraciones que no me creo, por lo que desde hace algunos a\u00f1os he decidido dedicarme menos a los cuentos infantiles y m\u00e1s a novelas adultas ilustradas. Me apetece poner la atenci\u00f3n en un libro especial, no en trescientos que no me importen tanto. Me gusta mucho la formaci\u00f3n y ayudar a estudiantes a avanzar en sus procesos creativos, inspirarlos a trav\u00e9s del dibujo, trabajar con ni\u00f1os y educadores. Hay muy buen <em>feedback<\/em> puesto que ellos tambi\u00e9n me ense\u00f1an a m\u00ed sus m\u00e9todos de trabajo.<\/p>\n<p><strong>\u00bfEs el Festival una fuente de inspiraci\u00f3n para usted? <\/strong><\/p>\n<p>Totalmente, en el Festival hay un grupo humano tremendo. El Festival tiene la esencia local y canaria de ser acogedores, simp\u00e1ticos, muy cuentistas, que van por la calle y charlan de forma festiva. Por otro lado tambi\u00e9n tiene la magia de ser un sitio peque\u00f1o de vida sencilla donde todo lo haces caminado. Para m\u00ed que vengo de una ciudad grande esto es un regalo, no tener que estar con el coche, con prisas porque no llegas o el metro se retras\u00f3. Todo es de la plaza al exconvento, de ah\u00ed al centro de salud\u2026 es maravilloso y te ayuda mucho a estar en paz y abrirte puertas a conocer m\u00e1s a los seres humanos, porque son personas transe\u00fantes de un cuento.<\/p>\n<p>Al Festival tambi\u00e9n se le une un elemento cosmopolita y colorido que se basa en que alguien viene de Colombia, Venezuela, Finlandia o Irlanda, es algo muy bonito e inspirador porque est\u00e1s en un punto del mapa en el que hay gente de muchas culturas comiendo, desayunando o contando. Contar depende mucho del origen y cultura de cada persona, adem\u00e1s del car\u00e1cter que le imprime al cuento el propio narrador. Aunque traigan una esencia de su cultura, tambi\u00e9n influye mucho su forma de ser y todo eso si eres un poco observador es muy bonito porque los sacas de la narraci\u00f3n y los ves en la plaza tomando caf\u00e9 y la forma en la que toman caf\u00e9, hablan o se relacionan tambi\u00e9n es inspirador.<\/p>\n<p>Ver a los ni\u00f1os en la calle dibujando y dejando en las paredes mensajes como \u201clo importante es el ahora mismo\u201d, nos recuerdan que aunque estemos tan atados a la comunicaci\u00f3n excesiva y a las tecnolog\u00edas, el cuento nos sirve para recordar que lo importante es el contacto humano, el hablar y escuchar de piel a piel. Las m\u00e1quinas sirven para grabar, nos facilitan la vida pero tambi\u00e9n a veces nos sirven de barrera. Por suerte, como los ni\u00f1os no tienen o no deber\u00edan tener m\u00f3vil, creo que son los que nos van a salvar, son los que dicen \u201chola, estoy aqu\u00ed, \u00bfjugamos un rato?\u201d. Los que ilustramos sabemos que tenemos que tener muy presentes a los ni\u00f1os y \u00faltimamente se est\u00e1n quejando de eso. Por esto, ver un mensaje como el de aquella sala escrita con letra de ni\u00f1o y con sus faltas de ortograf\u00eda me pareci\u00f3 un cuento m\u00e1s de Los Silos.<\/p>\n","protected":false},"excerpt":{"rendered":"<p>Noem\u00ed Villamuza combina las casualidades con la formaci\u00f3n y profesionalidad a lo largo de su vida. Comenz\u00f3 su trayectoria en la Ilustraci\u00f3n en cuarto de Bellas Artes, cuando casualmente decidi\u00f3 cursar una asignatura dedicada a la materia en cuesti\u00f3n. Por casualidad fue elegida por un profesor para ilustrar libros de texto en la Editorial Anaya [&hellip;]<\/p>\n","protected":false},"author":4,"featured_media":783,"comment_status":"closed","ping_status":"open","sticky":false,"template":"","format":"standard","meta":[],"categories":[6],"tags":[206,207,12,141,159],"_links":{"self":[{"href":"http:\/\/blog.cuentoslossilos.es\/index.php?rest_route=\/wp\/v2\/posts\/782"}],"collection":[{"href":"http:\/\/blog.cuentoslossilos.es\/index.php?rest_route=\/wp\/v2\/posts"}],"about":[{"href":"http:\/\/blog.cuentoslossilos.es\/index.php?rest_route=\/wp\/v2\/types\/post"}],"author":[{"embeddable":true,"href":"http:\/\/blog.cuentoslossilos.es\/index.php?rest_route=\/wp\/v2\/users\/4"}],"replies":[{"embeddable":true,"href":"http:\/\/blog.cuentoslossilos.es\/index.php?rest_route=%2Fwp%2Fv2%2Fcomments&post=782"}],"version-history":[{"count":2,"href":"http:\/\/blog.cuentoslossilos.es\/index.php?rest_route=\/wp\/v2\/posts\/782\/revisions"}],"predecessor-version":[{"id":785,"href":"http:\/\/blog.cuentoslossilos.es\/index.php?rest_route=\/wp\/v2\/posts\/782\/revisions\/785"}],"wp:featuredmedia":[{"embeddable":true,"href":"http:\/\/blog.cuentoslossilos.es\/index.php?rest_route=\/wp\/v2\/media\/783"}],"wp:attachment":[{"href":"http:\/\/blog.cuentoslossilos.es\/index.php?rest_route=%2Fwp%2Fv2%2Fmedia&parent=782"}],"wp:term":[{"taxonomy":"category","embeddable":true,"href":"http:\/\/blog.cuentoslossilos.es\/index.php?rest_route=%2Fwp%2Fv2%2Fcategories&post=782"},{"taxonomy":"post_tag","embeddable":true,"href":"http:\/\/blog.cuentoslossilos.es\/index.php?rest_route=%2Fwp%2Fv2%2Ftags&post=782"}],"curies":[{"name":"wp","href":"https:\/\/api.w.org\/{rel}","templated":true}]}}