{"id":814,"date":"2019-08-26T22:09:10","date_gmt":"2019-08-26T22:09:10","guid":{"rendered":"http:\/\/blog.cuentoslossilos.es\/?p=814"},"modified":"2021-04-13T08:37:17","modified_gmt":"2021-04-13T08:37:17","slug":"formacion-para-la-mejora-continuada-del-festival-internacional-del-cuento-de-los-silos-cuentoslossilos","status":"publish","type":"post","link":"http:\/\/blog.cuentoslossilos.es\/?p=814","title":{"rendered":"Formaci\u00f3n para la mejora continuada del Festival Internacional del Cuento de Los Silos"},"content":{"rendered":"<p>La actividad del Festival Internacional del Cuento de Los Silos comienza con formaci\u00f3n espec\u00edfica a los trabajadores con el objetivo de adquirir nuevos conocimientos sobre t\u00e9cnicas y tendencias en la literatura infantil y juvenil.<\/p>\n<p>Durante el pasado fin de semana, se han impartido en Los Silos varias sesiones del curso <strong>El juego, la imagen y la palabra en la Literatura Infantil y Juvenil<\/strong>, orientado a los trabajadores que realizan diferentes labores con ni\u00f1os y j\u00f3venes en el Festival Internacional del Cuento de Los Silos.<!--more--><\/p>\n<p>El objetivo de esta formaci\u00f3n continua es poner a nuestros profesionales en contacto con las \u00faltimas tendencias, t\u00e9cnicas y maneras de trabajar la literatura para ni\u00f1os y ni\u00f1as.<\/p>\n<p><img loading=\"lazy\" class=\"aligncenter wp-image-817\" src=\"http:\/\/blog.cuentoslossilos.es\/wp-content\/uploads\/2019\/08\/WhatsApp-Image-2019-08-25-at-22.21.50.jpeg\" alt=\"\" width=\"501\" height=\"376\" srcset=\"http:\/\/blog.cuentoslossilos.es\/wp-content\/uploads\/2019\/08\/WhatsApp-Image-2019-08-25-at-22.21.50.jpeg 1024w, http:\/\/blog.cuentoslossilos.es\/wp-content\/uploads\/2019\/08\/WhatsApp-Image-2019-08-25-at-22.21.50-300x225.jpeg 300w, http:\/\/blog.cuentoslossilos.es\/wp-content\/uploads\/2019\/08\/WhatsApp-Image-2019-08-25-at-22.21.50-768x576.jpeg 768w\" sizes=\"(max-width: 501px) 100vw, 501px\" \/><\/p>\n<p>Las sesiones han sido impartidas por Elvira Novell, Juan Manuel Moreno, Rebeca Rodr\u00edguez, C\u00e9sar S\u00e1nchez Ortiz y nuestro director, Ernesto Rodr\u00edguez Abad, tratando entre otros temas, el folclore infantil y juvenil, el cancionero como recurso para el aula y como herramienta para convertir lectores y de profundizaci\u00f3n de la lectura.<\/p>\n<p>Todas estas acciones redundan en el la calidad del Festival Internacional del Cuento de Los Silos que,\u00a0como cada a\u00f1o, quiere trabajar y perfeccionar su especializaci\u00f3n en estos aspectos de la lectura y la formaci\u00f3n de lectores.<\/p>\n<p>Nos encontramos ya de lleno en la planificaci\u00f3n y organizaci\u00f3n de todas las actividades y novedades con las que sorprenderemos a los visitantes de esta XXIV edici\u00f3n, siempre tratando de mejorar y llegar a los escolares, ya que en breve, se abrir\u00e1 el plazo de inscripci\u00f3n de los colegios que participan en las jornadas de las visitas escolares de este a\u00f1o.<\/p>\n<p><img loading=\"lazy\" class=\"size-full wp-image-821 aligncenter\" src=\"http:\/\/blog.cuentoslossilos.es\/wp-content\/uploads\/2019\/08\/lij.jpg\" alt=\"\" width=\"564\" height=\"371\" srcset=\"http:\/\/blog.cuentoslossilos.es\/wp-content\/uploads\/2019\/08\/lij.jpg 564w, http:\/\/blog.cuentoslossilos.es\/wp-content\/uploads\/2019\/08\/lij-300x197.jpg 300w\" sizes=\"(max-width: 564px) 100vw, 564px\" \/><\/p>\n","protected":false},"excerpt":{"rendered":"<p>La actividad del Festival Internacional del Cuento de Los Silos comienza con formaci\u00f3n espec\u00edfica a los trabajadores con el objetivo de adquirir nuevos conocimientos sobre t\u00e9cnicas y tendencias en la literatura infantil y juvenil. Durante el pasado fin de semana, se han impartido en Los Silos varias sesiones del curso El juego, la imagen y [&hellip;]<\/p>\n","protected":false},"author":7,"featured_media":815,"comment_status":"closed","ping_status":"open","sticky":false,"template":"","format":"standard","meta":[],"categories":[4,3],"tags":[8,12,28,15,91],"_links":{"self":[{"href":"http:\/\/blog.cuentoslossilos.es\/index.php?rest_route=\/wp\/v2\/posts\/814"}],"collection":[{"href":"http:\/\/blog.cuentoslossilos.es\/index.php?rest_route=\/wp\/v2\/posts"}],"about":[{"href":"http:\/\/blog.cuentoslossilos.es\/index.php?rest_route=\/wp\/v2\/types\/post"}],"author":[{"embeddable":true,"href":"http:\/\/blog.cuentoslossilos.es\/index.php?rest_route=\/wp\/v2\/users\/7"}],"replies":[{"embeddable":true,"href":"http:\/\/blog.cuentoslossilos.es\/index.php?rest_route=%2Fwp%2Fv2%2Fcomments&post=814"}],"version-history":[{"count":5,"href":"http:\/\/blog.cuentoslossilos.es\/index.php?rest_route=\/wp\/v2\/posts\/814\/revisions"}],"predecessor-version":[{"id":837,"href":"http:\/\/blog.cuentoslossilos.es\/index.php?rest_route=\/wp\/v2\/posts\/814\/revisions\/837"}],"wp:featuredmedia":[{"embeddable":true,"href":"http:\/\/blog.cuentoslossilos.es\/index.php?rest_route=\/wp\/v2\/media\/815"}],"wp:attachment":[{"href":"http:\/\/blog.cuentoslossilos.es\/index.php?rest_route=%2Fwp%2Fv2%2Fmedia&parent=814"}],"wp:term":[{"taxonomy":"category","embeddable":true,"href":"http:\/\/blog.cuentoslossilos.es\/index.php?rest_route=%2Fwp%2Fv2%2Fcategories&post=814"},{"taxonomy":"post_tag","embeddable":true,"href":"http:\/\/blog.cuentoslossilos.es\/index.php?rest_route=%2Fwp%2Fv2%2Ftags&post=814"}],"curies":[{"name":"wp","href":"https:\/\/api.w.org\/{rel}","templated":true}]}}